{"id":2395,"date":"2012-11-16T12:06:35","date_gmt":"2012-11-16T11:06:35","guid":{"rendered":"http:\/\/www.caths.cz\/wordpress\/?p=2395"},"modified":"2012-11-16T12:06:35","modified_gmt":"2012-11-16T11:06:35","slug":"jiri-jezek-pri-vyhlasovani-krale-cyklistiky-ovladl-kategorii-handicapovanych-cyklistu","status":"publish","type":"post","link":"https:\/\/www.caths.cz\/wordpress\/jiri-jezek-pri-vyhlasovani-krale-cyklistiky-ovladl-kategorii-handicapovanych-cyklistu\/","title":{"rendered":"Ji\u0159\u00ed Je\u017eek p\u0159i vyhla\u0161ov\u00e1n\u00ed Kr\u00e1le cyklistiky ovl\u00e1dl kategorii handicapovan\u00fdch cyklist\u016f"},"content":{"rendered":"<p align=\"justify\">  Paralympijsk\u00fd v\u00edt\u011bz z Lond\u00fdna a dr\u017eitel st\u0159\u00edbrn\u00e9 medaile Ji\u0159\u00ed Je\u017eek, ji\u017e po n\u011bkolik\u00e1t\u00e9 v \u0159ad\u011b ovl\u00e1dl anketu Kr\u00e1le cyklistiky v kategorii Handicapovan\u00fdch cyklist\u016f.\n<\/p>\n<p align=\"justify\"> Rozhodlo o tom 66 vybran\u00fdch sportovn\u00edch novin\u00e1\u0159\u016f, tren\u00e9r\u016f a cyklistick\u00fdch odborn\u00edk\u016f. Celkov\u00fdm v\u00edt\u011bzem ankety a kr\u00e1lem \u010desk\u00e9 cyklistiky se stal, ji\u017e pot\u0159et\u00ed za sebou, Jirk\u016fv kolega z tr\u00e9ninkov\u00e9 skupiny tren\u00e9ra Viktora Zapletala a olympijsk\u00fd v\u00edt\u011bz Jaroslav Kulhav\u00fd. <\/p>\n<p> Jirka p\u0159i vyhla\u0161ov\u00e1n\u00ed sklidil bou\u0159liv\u00fd a dlouhotrvaj\u00edc\u00ed potlesk do posledn\u00edho m\u00edsta zapln\u011bn\u00e9ho s\u00e1lu divadla Hybernia. V absolutn\u00edm po\u0159ad\u00ed mezi \u010desk\u00fdmi cyklisty, kte\u0159\u00ed v leto\u0161n\u00edm roce vybojovali neuv\u011b\u0159iteln\u00e9 mno\u017estv\u00ed 23 cenn\u00fdch kov\u016f z v\u00fdznamn\u00fdch sout\u011b\u017e\u00ed \u2013 OH, PH, MS, ME, obsadil Ji\u0159\u00ed Je\u017eek obdivuhodn\u00e9 4.m\u00edsto. <\/p>\n<p> <img decoding=\"async\" src=\"\/wordpress\/image\/sekretarky\/kral-cyklistiky-2012-jiri-jezek.jpg\"> <\/p>\n<p> V kategorii handicapovan\u00fdch cyklist\u016f Jirku na podium doprovodili dal\u0161\u00ed medailist\u00e9 z letn\u00edch paralympijsk\u00fdch her v Lond\u00fdn\u011b, Tereza Diepoldov\u00e1, Ji\u0159\u00ed Bou\u0161ka a David Vondr\u00e1\u010dek. <\/p>\n<p> Z\u00e1znam ze slavnostn\u00edho vyhl\u00e1\u0161en\u00ed, kter\u00fd v\u00fdborn\u011b a vtipn\u011b uv\u00e1d\u011bli Barbora \u010cerno\u0161kov\u00e1 a Tom\u00e1\u0161 J\u00edlek, uvede v nejbli\u017e\u0161\u00edch dnech \u010cesk\u00e1 televize. <\/p>\n<p> <img decoding=\"async\" src=\"\/wordpress\/image\/sekretarky\/kral-cyklistiky-2012-divadlo-hybernia.jpg\"> Foto: Michal \u010cerven\u00fd <\/p>\n","protected":false},"excerpt":{"rendered":"<a href=\"https:\/\/www.caths.cz\/wordpress\/jiri-jezek-pri-vyhlasovani-krale-cyklistiky-ovladl-kategorii-handicapovanych-cyklistu\/\"><img loading=\"lazy\" decoding=\"async\" width=\"100\" height=\"100\" src=\"https:\/\/www.caths.cz\/wordpress\/wp-content\/plugins\/thumbnail-for-excerpts\/tfe_no_thumb.png\" class=\"alignleft wp-post-image tfe\" alt=\"\" title=\"\" \/><\/a><p>Paralympijsk\u00fd v\u00edt\u011bz z Lond\u00fdna a dr\u017eitel st\u0159\u00edbrn\u00e9 medaile Ji\u0159\u00ed Je\u017eek, ji\u017e po n\u011bkolik\u00e1t\u00e9 v \u0159ad\u011b ovl\u00e1dl anketu Kr\u00e1le cyklistiky v kategorii Handicapovan\u00fdch cyklist\u016f. Rozhodlo o tom 66 vybran\u00fdch sportovn\u00edch novin\u00e1\u0159\u016f, [&hellip;]<\/p>\n","protected":false},"author":1,"featured_media":0,"comment_status":"closed","ping_status":"closed","sticky":false,"template":"","format":"standard","meta":{"ngg_post_thumbnail":0,"footnotes":""},"categories":[2],"tags":[],"class_list":["post-2395","post","type-post","status-publish","format-standard","hentry","category-cyklistika"],"_links":{"self":[{"href":"https:\/\/www.caths.cz\/wordpress\/wp-json\/wp\/v2\/posts\/2395","targetHints":{"allow":["GET"]}}],"collection":[{"href":"https:\/\/www.caths.cz\/wordpress\/wp-json\/wp\/v2\/posts"}],"about":[{"href":"https:\/\/www.caths.cz\/wordpress\/wp-json\/wp\/v2\/types\/post"}],"author":[{"embeddable":true,"href":"https:\/\/www.caths.cz\/wordpress\/wp-json\/wp\/v2\/users\/1"}],"replies":[{"embeddable":true,"href":"https:\/\/www.caths.cz\/wordpress\/wp-json\/wp\/v2\/comments?post=2395"}],"version-history":[{"count":0,"href":"https:\/\/www.caths.cz\/wordpress\/wp-json\/wp\/v2\/posts\/2395\/revisions"}],"wp:attachment":[{"href":"https:\/\/www.caths.cz\/wordpress\/wp-json\/wp\/v2\/media?parent=2395"}],"wp:term":[{"taxonomy":"category","embeddable":true,"href":"https:\/\/www.caths.cz\/wordpress\/wp-json\/wp\/v2\/categories?post=2395"},{"taxonomy":"post_tag","embeddable":true,"href":"https:\/\/www.caths.cz\/wordpress\/wp-json\/wp\/v2\/tags?post=2395"}],"curies":[{"name":"wp","href":"https:\/\/api.w.org\/{rel}","templated":true}]}}