{"id":2394,"date":"2012-11-15T08:37:36","date_gmt":"2012-11-15T07:37:36","guid":{"rendered":"http:\/\/www.caths.cz\/wordpress\/?p=2394"},"modified":"2012-11-15T08:37:36","modified_gmt":"2012-11-15T07:37:36","slug":"kral-cyklistiky-usedne-na-trun-uz-dnes-vecer","status":"publish","type":"post","link":"https:\/\/www.caths.cz\/wordpress\/kral-cyklistiky-usedne-na-trun-uz-dnes-vecer\/","title":{"rendered":"Kr\u00e1l cyklistiky usedne na tr\u016fn u\u017e dnes ve\u010der!"},"content":{"rendered":"<p align=\"justify\">U\u017e ve \u010dtvrtek ve\u010der budou cyklist\u00e9 zn\u00e1t sv\u00e9ho kr\u00e1le. Cyklistika v na\u0161\u00ed zemi prod\u011bl\u00e1v\u00e1 opravdov\u00fd BOOM, v\u017edy\u0165 podle sociologick\u00fdch pr\u016fzkum\u016f p\u0159ed\u010dila v popularit\u011b i hokej a je hned na druh\u00e9m m\u00edst\u011b za fotbalem. Pokud jde o obl\u00edbenost cyklistiky jako volno\u010dasov\u00e9 aktivity \u0161irok\u00e9 ve\u0159ejnosti, tak zde tomuto kr\u00e1sn\u00e9mu sportu dokonce pat\u0159\u00ed p\u0159\u00ed\u010dka prvn\u00ed&#8230;\n<\/p>\n<p align=\"justify\">Ov\u0161em reprezentanti \u010cesk\u00e9 republiky ud\u011blali pro propagaci sv\u00e9ho sportu skute\u010dn\u00e9 maximum a v\u00fdsledkem je 23 medail\u00ed ze z\u00e1vod\u016f OH, PH, MS a ME v roce 2012 (!!!)<br \/> Medailov\u00e1 sb\u00edrka, kterou mohou ostatn\u00ed sporty jen ti\u0161e z\u00e1vid\u011bt&#8230; <\/p>\n<p> A my jsme pr\u00e1vem hrd\u00ed, \u017ee handicapovan\u00ed cyklist\u00e9 v\u00fdraznou m\u011brou p\u0159isp\u011bli k \u00fasp\u011bch\u016fm na\u0161\u00ed zem\u011b. 5 cenn\u00fdch kov\u016f z paralympi\u00e1dy v Lond\u00fdn\u011b z\u00e1sluhou Jirky Je\u017eka, Terezy Diepoldov\u00e9, Ji\u0159\u00edho Bou\u0161ky a Davida Vondr\u00e1\u010dka je obdivuhodn\u00e1 bilance. K tomu je nutn\u00e9 p\u0159i\u010d\u00edst dva zisky k\u0159i\u0161\u0165\u00e1lov\u00fdch poh\u00e1r\u016f za celkov\u00e1 v\u00edt\u011bzstv\u00ed ve Sv\u011btov\u00e9m poh\u00e1ru d\u00edky Jirkovi a Tereze a samoz\u0159ejm\u011b tak\u00e9 dv\u011b medaile z halov\u00e9ho mistrovstv\u00ed sv\u011bta, kter\u00e9 vybojoval Jirka Je\u017eek s Ji\u0159\u00edm Bou\u0161kou. <br \/> Jako t\u0159e\u0161ni\u010dka na pomysln\u00e9m cyklistick\u00e9m dortu pak \u010dn\u00ed ohodnocen\u00ed Jirky Je\u017eka jako historicky nej\u00fasp\u011b\u0161n\u011bj\u0161\u00edho handicapovan\u00e9ho cyklisty v\u0161ech dob&#8230; <\/p>\n<p> <img decoding=\"async\" src=\"image\/londyn\/cyklistika\/jezek_casovka.jpg\"> <\/p>\n","protected":false},"excerpt":{"rendered":"<a href=\"https:\/\/www.caths.cz\/wordpress\/kral-cyklistiky-usedne-na-trun-uz-dnes-vecer\/\"><img loading=\"lazy\" decoding=\"async\" width=\"100\" height=\"100\" src=\"https:\/\/www.caths.cz\/wordpress\/wp-content\/plugins\/thumbnail-for-excerpts\/tfe_no_thumb.png\" class=\"alignleft wp-post-image tfe\" alt=\"\" title=\"\" \/><\/a><p>U\u017e ve \u010dtvrtek ve\u010der budou cyklist\u00e9 zn\u00e1t sv\u00e9ho kr\u00e1le. Cyklistika v na\u0161\u00ed zemi prod\u011bl\u00e1v\u00e1 opravdov\u00fd BOOM, v\u017edy\u0165 podle sociologick\u00fdch pr\u016fzkum\u016f p\u0159ed\u010dila v popularit\u011b i hokej a je hned na druh\u00e9m [&hellip;]<\/p>\n","protected":false},"author":1,"featured_media":0,"comment_status":"closed","ping_status":"closed","sticky":false,"template":"","format":"standard","meta":{"ngg_post_thumbnail":0,"footnotes":""},"categories":[2],"tags":[],"class_list":["post-2394","post","type-post","status-publish","format-standard","hentry","category-cyklistika"],"_links":{"self":[{"href":"https:\/\/www.caths.cz\/wordpress\/wp-json\/wp\/v2\/posts\/2394","targetHints":{"allow":["GET"]}}],"collection":[{"href":"https:\/\/www.caths.cz\/wordpress\/wp-json\/wp\/v2\/posts"}],"about":[{"href":"https:\/\/www.caths.cz\/wordpress\/wp-json\/wp\/v2\/types\/post"}],"author":[{"embeddable":true,"href":"https:\/\/www.caths.cz\/wordpress\/wp-json\/wp\/v2\/users\/1"}],"replies":[{"embeddable":true,"href":"https:\/\/www.caths.cz\/wordpress\/wp-json\/wp\/v2\/comments?post=2394"}],"version-history":[{"count":0,"href":"https:\/\/www.caths.cz\/wordpress\/wp-json\/wp\/v2\/posts\/2394\/revisions"}],"wp:attachment":[{"href":"https:\/\/www.caths.cz\/wordpress\/wp-json\/wp\/v2\/media?parent=2394"}],"wp:term":[{"taxonomy":"category","embeddable":true,"href":"https:\/\/www.caths.cz\/wordpress\/wp-json\/wp\/v2\/categories?post=2394"},{"taxonomy":"post_tag","embeddable":true,"href":"https:\/\/www.caths.cz\/wordpress\/wp-json\/wp\/v2\/tags?post=2394"}],"curies":[{"name":"wp","href":"https:\/\/api.w.org\/{rel}","templated":true}]}}