{"id":2393,"date":"2012-11-13T22:16:09","date_gmt":"2012-11-13T21:16:09","guid":{"rendered":"http:\/\/www.caths.cz\/wordpress\/?p=2393"},"modified":"2012-11-13T22:16:09","modified_gmt":"2012-11-13T21:16:09","slug":"finalovy-zavod-ceskeho-poharu-handicapovanych-bikeru-vyhral-petr-kocman","status":"publish","type":"post","link":"https:\/\/www.caths.cz\/wordpress\/finalovy-zavod-ceskeho-poharu-handicapovanych-bikeru-vyhral-petr-kocman\/","title":{"rendered":"Fin\u00e1lov\u00fd z\u00e1vod \u010cesk\u00e9ho poh\u00e1ru handicapovan\u00fdch biker\u016f vyhr\u00e1l Petr Kocman"},"content":{"rendered":"<p align=\"justify\">T\u00fdm SK HCP Nutrend Specialized po\u0159\u00e1daj\u00edc\u00ed v Praze \u0158ep\u00edch z\u00e1vod \u010cesk\u00e9ho poh\u00e1ru v cyklokrosu samoz\u0159ejm\u011b pamatoval, jak u\u017e je neodmysliteln\u00fdm zvykem, tak\u00e9 na handicapovan\u00e9 cyklisty a sou\u010d\u00e1st\u00ed presti\u017en\u00edho, dvoudenn\u00edho podniku, na kter\u00fd p\u0159ijeli nejlep\u0161\u00ed cyklokrosa\u0159i cel\u00e9 \u010cesk\u00e9 republiky, byl z\u00e1vod horsk\u00fdch kol pro \u0161irokou ve\u0159ejnost, kter\u00fd zahrnoval, mimo jin\u00e9 i kategorii handicapovan\u00fdch cyklist\u016f.\n<\/p>\n<p align=\"justify\">Z\u00e1vod byl po\u0159\u00e1d\u00e1n jako fin\u00e1lov\u00fd podnik \u010cesk\u00e9ho poh\u00e1ru horsk\u00fdch kol handicapovan\u00fdch cyklist\u016f a pra\u017esk\u00fdm v\u00edt\u011bzem se u\u017e pot\u0159et\u00ed za sebou stal Petr Kocman.<br \/> Respekt a obdiv k v\u00fdkon\u016fm handicapovan\u00fdch z\u00e1vodn\u00edk\u016f v po\u010detn\u00e9m startovn\u00edm pelotonu asi ani nen\u00ed t\u0159eba zd\u016fraz\u0148ovat. <\/p>\n<p> Pra\u017esk\u00fd cyklokros byl z\u00e1v\u011bre\u010dn\u00fdm podnikem \u010cesk\u00e9ho poh\u00e1ru MTB handicapovan\u00fdch cyklist\u016f 2012. Slavnostn\u00ed vyhl\u00e1\u0161en\u00ed v\u00fdsledk\u016f prob\u011bhne na Gala ve\u010deru, kter\u00fd po\u0159\u00e1d\u00e1 t\u00fdm \u010cern\u00fdch kon\u00ed v p\u00e1tek 23. listopadu 2012. <\/p>\n<p> V\u00edce o slavnostn\u00edm vyhl\u00e1\u0161en\u00ed, informace o vstupenk\u00e1ch, atd. p\u0159ineseme v samostatn\u00e9 report\u00e1\u017ei. <\/p>\n<p> V\u00fdsledky z\u00e1vodu King of Prague v\u010detn\u011b \u010cP MTB handicapovan\u00fdch naleznete <a href=\"http:\/\/www.caths.cz\/storage\/sekretarky\/king_cyklokros\/vysledky KING OF PRAGUE II 2012.pdf=\"_blank\"> zde<\/a> <\/p>\n<p> Fotogalerii ze z\u00e1vodu naleznete <a href=\"http:\/\/www.caths.cz\/index.php?page=galerie&#038;level=album&#038;id=164\" target=\"_blank\"> zde<\/a> <\/p>\n<p> Fotogalerii z ned\u011bln\u00edho cyklokrosu naleznete <a href=\"http:\/\/www.caths.cz\/index.php?page=galerie&#038;level=album&#038;id=165\" target=\"_blank\"> zde<\/a> a <a href=\"http:\/\/www.caths.cz\/index.php?page=galerie&#038;level=album&#038;id=166\" target=\"_blank\"> zde<\/a> <\/p>\n<p> <img decoding=\"async\" src=\"\/wordpress\/image\/sekretarky\/king_cyklokros\/cyklokros2012_sobota_442.JPG\"> <\/p>\n<p> <img decoding=\"async\" src=\"\/wordpress\/image\/sekretarky\/king_cyklokros\/cyklokros2012_sobota_562.JPG\"> <\/p>\n<p> <img decoding=\"async\" src=\"\/wordpress\/image\/sekretarky\/king_cyklokros\/cyklokros2012_sobota_637.JPG\"> <\/p>\n<p> <img decoding=\"async\" src=\"\/wordpress\/image\/sekretarky\/king_cyklokros\/cyklokros2012_sobota_700.JPG\"> <\/p>\n","protected":false},"excerpt":{"rendered":"<a href=\"https:\/\/www.caths.cz\/wordpress\/finalovy-zavod-ceskeho-poharu-handicapovanych-bikeru-vyhral-petr-kocman\/\"><img loading=\"lazy\" decoding=\"async\" width=\"100\" height=\"100\" src=\"https:\/\/www.caths.cz\/wordpress\/wp-content\/plugins\/thumbnail-for-excerpts\/tfe_no_thumb.png\" class=\"alignleft wp-post-image tfe\" alt=\"\" title=\"\" \/><\/a><p>T\u00fdm SK HCP Nutrend Specialized po\u0159\u00e1daj\u00edc\u00ed v Praze \u0158ep\u00edch z\u00e1vod \u010cesk\u00e9ho poh\u00e1ru v cyklokrosu samoz\u0159ejm\u011b pamatoval, jak u\u017e je neodmysliteln\u00fdm zvykem, tak\u00e9 na handicapovan\u00e9 cyklisty a sou\u010d\u00e1st\u00ed presti\u017en\u00edho, dvoudenn\u00edho podniku, [&hellip;]<\/p>\n","protected":false},"author":1,"featured_media":0,"comment_status":"closed","ping_status":"closed","sticky":false,"template":"","format":"standard","meta":{"ngg_post_thumbnail":0,"footnotes":""},"categories":[40],"tags":[],"class_list":["post-2393","post","type-post","status-publish","format-standard","hentry","category-pojed-s-nami"],"_links":{"self":[{"href":"https:\/\/www.caths.cz\/wordpress\/wp-json\/wp\/v2\/posts\/2393","targetHints":{"allow":["GET"]}}],"collection":[{"href":"https:\/\/www.caths.cz\/wordpress\/wp-json\/wp\/v2\/posts"}],"about":[{"href":"https:\/\/www.caths.cz\/wordpress\/wp-json\/wp\/v2\/types\/post"}],"author":[{"embeddable":true,"href":"https:\/\/www.caths.cz\/wordpress\/wp-json\/wp\/v2\/users\/1"}],"replies":[{"embeddable":true,"href":"https:\/\/www.caths.cz\/wordpress\/wp-json\/wp\/v2\/comments?post=2393"}],"version-history":[{"count":0,"href":"https:\/\/www.caths.cz\/wordpress\/wp-json\/wp\/v2\/posts\/2393\/revisions"}],"wp:attachment":[{"href":"https:\/\/www.caths.cz\/wordpress\/wp-json\/wp\/v2\/media?parent=2393"}],"wp:term":[{"taxonomy":"category","embeddable":true,"href":"https:\/\/www.caths.cz\/wordpress\/wp-json\/wp\/v2\/categories?post=2393"},{"taxonomy":"post_tag","embeddable":true,"href":"https:\/\/www.caths.cz\/wordpress\/wp-json\/wp\/v2\/tags?post=2393"}],"curies":[{"name":"wp","href":"https:\/\/api.w.org\/{rel}","templated":true}]}}