{"id":2390,"date":"2012-11-05T09:46:36","date_gmt":"2012-11-05T08:46:36","guid":{"rendered":"http:\/\/www.caths.cz\/wordpress\/?p=2390"},"modified":"2012-11-05T09:46:36","modified_gmt":"2012-11-05T08:46:36","slug":"v-sobotu-vyvrcholi-v-repich-i-cesky-pohar-horskych-kol-handicapovanych","status":"publish","type":"post","link":"https:\/\/www.caths.cz\/wordpress\/v-sobotu-vyvrcholi-v-repich-i-cesky-pohar-horskych-kol-handicapovanych\/","title":{"rendered":"V sobotu vyvrchol\u00ed v \u0158ep\u00edch i \u010cesk\u00fd poh\u00e1r horsk\u00fdch kol handicapovan\u00fdch"},"content":{"rendered":"<p align=\"justify\">Po\u0159adatel\u00e9 z SK HCP Nutrend Specialized toti\u017e i letos p\u0159ipravili popul\u00e1rn\u00ed, ve\u0159ejn\u00fd z\u00e1vod horsk\u00fdch kol pro nej\u0161ir\u0161\u00ed ve\u0159ejnost na trati Pra\u017esk\u00e9ho cyklokrosu &#8211; King of Prague II.. Zaj\u00edmavost\u00ed je, \u017ee z\u00e1vod bude i z\u00e1v\u011bre\u010dn\u00fdm podnikem \u010cesk\u00e9ho poh\u00e1ru MTB handicapovan\u00fdch  cyklist\u016f a hned t\u0159i z\u00e1vodn\u00edci se zde, d\u00edky bodov\u00e9 shod\u011b, utkaj\u00ed o celkov\u00e9 v\u00edt\u011bzstv\u00ed v seri\u00e1lu, jeho\u017e patronem je olympijsk\u00fd v\u00edt\u011bz Jaroslav Kulhav\u00fd.\n<\/p>\n<p align=\"justify\">Z\u00e1vod horsk\u00fdch kol se pojede cyklokrosov\u00fdm zp\u016fsobem na 1 hodinu + 1 kolo.<br \/> Start sobotn\u00edho z\u00e1vodu MTB bude ve 13:30, kdy se na zkr\u00e1cen\u00e9m okruhu p\u0159edstav\u00ed nejmen\u0161\u00ed vyznava\u010di MTB, ve\u0159ejn\u00fd z\u00e1vod MTB pak odstartuje ve 14 hodin. <\/p>\n<p> Pra\u017esk\u00fd cyklokros, kter\u00fd se uskute\u010dn\u00ed v ned\u011bli 11. listopadu jako z\u00e1vod \u010cesk\u00e9ho poh\u00e1ru TOI TOI Cup o\u010dek\u00e1v\u00e1 \u00fa\u010dast cyklokrosa\u0159\u016f z cel\u00e9 republiky. <\/p>\n<p> Div\u00e1cky zaj\u00edmav\u00e9 a atraktivn\u00ed jist\u011b budou i z\u00e1vody BMX, kter\u00e9 ji\u017e tradi\u010dn\u011b doprov\u00e1zej\u00ed Pra\u017esk\u00fd cyklokros.<\/p>\n<p> V\u00edce informaci naleznete na webu <a href=\"http:\/\/www.skhcp.cz\" target=\"_blank\"> www.skhcp.cz<\/a> <\/p>\n<p> Propozice sobotn\u00edho z\u00e1vodu King of Prague II naleznete <a href=\"http:\/\/www.caths.cz\/storage\/sekretarky\/king_cyklokros\/propozice King of Prague II MTB.pdf\" target=\"_blank\"> zde<\/a><\/p>\n<p> Propozice ned\u011bln\u00edho z\u00e1vodu Pra\u017esk\u00fd cyklokros Toi Toi Cup 2012 naleznete <a href=\"http:\/\/www.caths.cz\/storage\/sekretarky\/king_cyklokros\/propozice Prazsky cyklokros 2012.pdf\" target=\"_blank\"> zde<\/a><\/p>\n<p> <img decoding=\"async\" src=\"storage\/sekretarky\/king_cyklokros\/kingofprague_2011_482.jpg\"> <\/p>\n<p> <img decoding=\"async\" src=\"storage\/sekretarky\/king_cyklokros\/kingofprague_2011_1112.jpg\"> <\/p>\n","protected":false},"excerpt":{"rendered":"<a href=\"https:\/\/www.caths.cz\/wordpress\/v-sobotu-vyvrcholi-v-repich-i-cesky-pohar-horskych-kol-handicapovanych\/\"><img loading=\"lazy\" decoding=\"async\" width=\"100\" height=\"100\" src=\"https:\/\/www.caths.cz\/wordpress\/wp-content\/plugins\/thumbnail-for-excerpts\/tfe_no_thumb.png\" class=\"alignleft wp-post-image tfe\" alt=\"\" title=\"\" \/><\/a><p>Po\u0159adatel\u00e9 z SK HCP Nutrend Specialized toti\u017e i letos p\u0159ipravili popul\u00e1rn\u00ed, ve\u0159ejn\u00fd z\u00e1vod horsk\u00fdch kol pro nej\u0161ir\u0161\u00ed ve\u0159ejnost na trati Pra\u017esk\u00e9ho cyklokrosu &#8211; King of Prague II.. Zaj\u00edmavost\u00ed je, \u017ee [&hellip;]<\/p>\n","protected":false},"author":1,"featured_media":0,"comment_status":"closed","ping_status":"closed","sticky":false,"template":"","format":"standard","meta":{"ngg_post_thumbnail":0,"footnotes":""},"categories":[40],"tags":[],"class_list":["post-2390","post","type-post","status-publish","format-standard","hentry","category-pojed-s-nami"],"_links":{"self":[{"href":"https:\/\/www.caths.cz\/wordpress\/wp-json\/wp\/v2\/posts\/2390","targetHints":{"allow":["GET"]}}],"collection":[{"href":"https:\/\/www.caths.cz\/wordpress\/wp-json\/wp\/v2\/posts"}],"about":[{"href":"https:\/\/www.caths.cz\/wordpress\/wp-json\/wp\/v2\/types\/post"}],"author":[{"embeddable":true,"href":"https:\/\/www.caths.cz\/wordpress\/wp-json\/wp\/v2\/users\/1"}],"replies":[{"embeddable":true,"href":"https:\/\/www.caths.cz\/wordpress\/wp-json\/wp\/v2\/comments?post=2390"}],"version-history":[{"count":0,"href":"https:\/\/www.caths.cz\/wordpress\/wp-json\/wp\/v2\/posts\/2390\/revisions"}],"wp:attachment":[{"href":"https:\/\/www.caths.cz\/wordpress\/wp-json\/wp\/v2\/media?parent=2390"}],"wp:term":[{"taxonomy":"category","embeddable":true,"href":"https:\/\/www.caths.cz\/wordpress\/wp-json\/wp\/v2\/categories?post=2390"},{"taxonomy":"post_tag","embeddable":true,"href":"https:\/\/www.caths.cz\/wordpress\/wp-json\/wp\/v2\/tags?post=2390"}],"curies":[{"name":"wp","href":"https:\/\/api.w.org\/{rel}","templated":true}]}}