{"id":2389,"date":"2012-11-01T10:31:20","date_gmt":"2012-11-01T09:31:20","guid":{"rendered":"http:\/\/www.caths.cz\/wordpress\/?p=2389"},"modified":"2012-11-01T10:31:20","modified_gmt":"2012-11-01T09:31:20","slug":"jachtarska-mezinarodni-cena-iberdola","status":"publish","type":"post","link":"https:\/\/www.caths.cz\/wordpress\/jachtarska-mezinarodni-cena-iberdola\/","title":{"rendered":"Jachta\u0159sk\u00e1 Mezin\u00e1rodn\u00ed cena Iberdola"},"content":{"rendered":"<p align=\"justify\">V uplynul\u00e9m t\u00fddnu se \u010desk\u00fd jachta\u0159 Dan B\u00edna z\u00fa\u010dastnil Mezin\u00e1rodn\u00ed ceny Iberdola ve \u0160pan\u011blsku. A zde je jeho zpr\u00e1va ze zaj\u00edmav\u00fdch jachta\u0159sk\u00fdch z\u00e1vod\u016f.<\/p>\n<p align=\"justify\">Ve dnech 24. a\u017e 27. \u0159\u00edjna se ve \u0161pan\u011blsk\u00e9 Valencii konala II mezin\u00e1rodn\u00ed cena Iberdroly. Ozdobou tohoto z\u00e1vodu byl zlat\u00fd medailista z Paralympijsk\u00e9ho Lond\u00fdna v lodn\u00ed t\u0159\u00edd\u011b Sonar Holan\u010fan Mischa Rossen. Krom\u011b Mischi se z\u00e1vody z\u00fa\u010dastnili i paralympij\u0161t\u00ed reprezentanti Finska, It\u00e1lie a samoz\u0159ejm\u011b i dom\u00e1c\u00edho \u0160pan\u011blska. Celkem se na b\u00e1zi t\u00fdmu Iberdrola America\u2019s Cup se\u0161lo 22 z\u00e1vodn\u00edk\u016f z 5 zem\u00ed. <\/p>\n<p> \u010cesk\u00e1 flotila byla zastoupena Danielem B\u00ednou, tedy mnou. Cestu jsme zakon\u010dili ulomenou poloosou m\u00e9ho vozu &#8211; kter\u00e1\u017eto sm\u016fla byla alespo\u0148 \u010d\u00e1ste\u010dn\u011b vykoupena m\u00fdm v\u00edt\u011bzstv\u00edm v praktice race(p\u0159\u00edpravn\u00e9 rozj\u00ed\u017e\u010fce), kter\u00e1 se konala v slab\u00e9m ,ale st\u00e1l\u00e9m v\u011btru ji\u017en\u00edho sm\u011bru. <\/p>\n<p> Ve\u010der 24.\u0159\u00edjna byla regata ofici\u00e1ln\u011b zah\u00e1jena \u0159editelem \u0161pan\u011blsk\u00e9ho paralympijsk\u00e9ho v\u00fdboru Julianem Bolinchesem a gener\u00e1ln\u00edm \u0159editelem Iberdroly ve Valencii Santi Lopez-Vazquezem <\/p>\n<p> <img decoding=\"async\" src=\"\/wordpress\/image\/sekretarky\/jachting\/ESP01.jpg\"> <\/p>\n<p> <strong>25.\u0159\u00edjna aneb den prv\u00fd<\/strong><br \/> Tepl\u00e1 fronta p\u0159inesla d\u00e9\u0161\u0165, kter\u00fd zabil i posledn\u00ed zbytky v\u011btru. Po poledni jsme vyrazili na mo\u0159e, kde jsme str\u00e1vili 4 hodiny marn\u00fdm \u010dek\u00e1n\u00edm na v\u00edtr.<\/p>\n<p> <strong>26.\u0159\u00edjna aneb den druh\u00fd<\/strong><br \/> Tento den n\u00e1s \u010dekal z\u00e1padn\u00ed v\u00edtr o s\u00edle 12 a\u017e 20 uzl\u016f ve kter\u00e9m jsme ujeli 4 rozj\u00ed\u017e\u010fky. Rozj\u00ed\u017e\u010fky byli kr\u00e1tk\u00e9, cca. 25 minut, tak\u017ee mo\u017enost n\u00e1pravy p\u0159\u00edpadn\u00fdch chyb, byla zcela minim\u00e1ln\u00ed. J\u00e1 doplatil na sv\u00e9 pr\u016fm\u011brn\u00e9 starty, \u0160pan\u011bl\u00e9 Paco Llobet a Emilio Fernandez pro zm\u011bnu na sv\u00e9 p\u0159ed\u010dasn\u00e9 starty. <br \/> Nejv\u011bt\u0161\u00ed tah za v\u00edt\u011bzstv\u00edm prok\u00e1zal fin Niko Saloma, kter\u00fd si v\u00edt\u011bzstv\u00edm ve 3 rozj\u00ed\u017e\u010fk\u00e1ch vybojoval veden\u00ed v pr\u016fb\u011b\u017en\u00e9m po\u0159ad\u00ed. Za n\u011bj jsem se za\u0159adil j\u00e1, Paco a Emilio, v\u0161ichni se shodou bod\u016f. <\/p>\n<p> <img decoding=\"async\" src=\"\/wordpress\/image\/sekretarky\/jachting\/ESP02.jpg\"> <\/p>\n<p> <strong>27.\u0159\u00edjna aneb den t\u0159et\u00ed<\/strong><br \/> Posledn\u00ed den regaty n\u00e1s p\u0159iv\u00edtal osmi a\u017e deseti uzlov\u00fd z\u00e1padn\u00ed v\u00edtr. Tento den n\u00e1s \u010dekali 2 rozj\u00ed\u017e\u010fky, p\u0159i\u010dem\u017e rozj\u00ed\u017e\u010fka z\u00e1v\u011bre\u010dn\u00e1 kon\u010dila kursem do mar\u00edny, k velk\u00e9 radosti televize, novin\u00e1\u0159\u016f i sponzor\u016f. <br \/> Do celkov\u00e9ho po\u0159ad\u00ed se v\u00fdrazn\u011b prosadil italsk\u00fd paralympionik Antonio Squizzato s dojezdy 3. a 1. \u010d\u00edm\u017e se posunul ze 7. na 4. m\u00edsto v celkov\u00e9m po\u0159ad\u00ed. St\u0159\u00edbro dne jsem vypojoval j\u00e1 (3,2) \u010d\u00edm\u017e jsem st\u00e1hl vedouc\u00edho Niku na jednobodov\u00fd rozd\u00edl. Bronz dne pat\u0159il Nizozemci Mischovi Rossen(5,2), kter\u00fd t\u00edmto zkorigoval v\u00fdsledky dne p\u0159edchoz\u00edho a posunul se na celkov\u00e9 6. m\u00edsto. <\/p>\n<p> <img decoding=\"async\" src=\"\/wordpress\/image\/sekretarky\/jachting\/ESP03.jpg\"> <\/p>\n<p> V\u00fdsledky:<br \/> 1 Niko Saloma(FIN)<br \/> 2 Daniel B\u00edna(CZE)<br \/> 3 Paco Llobet(ESP)<\/p>\n","protected":false},"excerpt":{"rendered":"<a href=\"https:\/\/www.caths.cz\/wordpress\/jachtarska-mezinarodni-cena-iberdola\/\"><img loading=\"lazy\" decoding=\"async\" width=\"100\" height=\"100\" src=\"https:\/\/www.caths.cz\/wordpress\/wp-content\/plugins\/thumbnail-for-excerpts\/tfe_no_thumb.png\" class=\"alignleft wp-post-image tfe\" alt=\"\" title=\"\" \/><\/a><p>V uplynul\u00e9m t\u00fddnu se \u010desk\u00fd jachta\u0159 Dan B\u00edna z\u00fa\u010dastnil Mezin\u00e1rodn\u00ed ceny Iberdola ve \u0160pan\u011blsku. A zde je jeho zpr\u00e1va ze zaj\u00edmav\u00fdch jachta\u0159sk\u00fdch z\u00e1vod\u016f. Ve dnech 24. a\u017e 27. \u0159\u00edjna se [&hellip;]<\/p>\n","protected":false},"author":1,"featured_media":0,"comment_status":"closed","ping_status":"closed","sticky":false,"template":"","format":"standard","meta":{"ngg_post_thumbnail":0,"footnotes":""},"categories":[11],"tags":[],"class_list":["post-2389","post","type-post","status-publish","format-standard","hentry","category-jachting"],"_links":{"self":[{"href":"https:\/\/www.caths.cz\/wordpress\/wp-json\/wp\/v2\/posts\/2389","targetHints":{"allow":["GET"]}}],"collection":[{"href":"https:\/\/www.caths.cz\/wordpress\/wp-json\/wp\/v2\/posts"}],"about":[{"href":"https:\/\/www.caths.cz\/wordpress\/wp-json\/wp\/v2\/types\/post"}],"author":[{"embeddable":true,"href":"https:\/\/www.caths.cz\/wordpress\/wp-json\/wp\/v2\/users\/1"}],"replies":[{"embeddable":true,"href":"https:\/\/www.caths.cz\/wordpress\/wp-json\/wp\/v2\/comments?post=2389"}],"version-history":[{"count":0,"href":"https:\/\/www.caths.cz\/wordpress\/wp-json\/wp\/v2\/posts\/2389\/revisions"}],"wp:attachment":[{"href":"https:\/\/www.caths.cz\/wordpress\/wp-json\/wp\/v2\/media?parent=2389"}],"wp:term":[{"taxonomy":"category","embeddable":true,"href":"https:\/\/www.caths.cz\/wordpress\/wp-json\/wp\/v2\/categories?post=2389"},{"taxonomy":"post_tag","embeddable":true,"href":"https:\/\/www.caths.cz\/wordpress\/wp-json\/wp\/v2\/tags?post=2389"}],"curies":[{"name":"wp","href":"https:\/\/api.w.org\/{rel}","templated":true}]}}