{"id":2388,"date":"2012-10-29T14:14:10","date_gmt":"2012-10-29T13:14:10","guid":{"rendered":"http:\/\/www.caths.cz\/wordpress\/?p=2388"},"modified":"2012-10-29T14:14:10","modified_gmt":"2012-10-29T13:14:10","slug":"beseda-s-nejuspesnejsim-handicapovanym-cyklistou-vsech-dob-jirim-jezkem","status":"publish","type":"post","link":"https:\/\/www.caths.cz\/wordpress\/beseda-s-nejuspesnejsim-handicapovanym-cyklistou-vsech-dob-jirim-jezkem\/","title":{"rendered":"Beseda s nej\u00fasp\u011b\u0161n\u011bj\u0161\u00edm handicapovan\u00fdm cyklistou v\u0161ech dob Ji\u0159\u00edm Je\u017ekem"},"content":{"rendered":"<p align=\"justify\">   Zveme V\u00e1s na besedu s Jirkou Je\u017ekem, paralympijs\u00fdm v\u00edt\u011bzem a nej\u00fasp\u011b\u0161n\u011bj\u0161\u00edm handicapovan\u00fdm cyklistou v\u0161ech dob, kter\u00e1 se bude konat dne 1.11.2012 od 15:00 ve velk\u00e9 posluch\u00e1rn\u011b Fakulty t\u011blesn\u00e9 v\u00fdchovy a sportu UK v Praze.\n<\/p>\n<p align=\"justify\"> Pozv\u00e1nku na besedu naleznete <a href=\"http:\/\/www.caths.cz\/storage\/sekretarky\/beseda_Jezek.pdf\" target=\"_blank\"> zde<\/a> <\/p>\n","protected":false},"excerpt":{"rendered":"<a href=\"https:\/\/www.caths.cz\/wordpress\/beseda-s-nejuspesnejsim-handicapovanym-cyklistou-vsech-dob-jirim-jezkem\/\"><img loading=\"lazy\" decoding=\"async\" width=\"100\" height=\"100\" src=\"https:\/\/www.caths.cz\/wordpress\/wp-content\/plugins\/thumbnail-for-excerpts\/tfe_no_thumb.png\" class=\"alignleft wp-post-image tfe\" alt=\"\" title=\"\" \/><\/a><p>Zveme V\u00e1s na besedu s Jirkou Je\u017ekem, paralympijs\u00fdm v\u00edt\u011bzem a nej\u00fasp\u011b\u0161n\u011bj\u0161\u00edm handicapovan\u00fdm cyklistou v\u0161ech dob, kter\u00e1 se bude konat dne 1.11.2012 od 15:00 ve velk\u00e9 posluch\u00e1rn\u011b Fakulty t\u011blesn\u00e9 v\u00fdchovy a [&hellip;]<\/p>\n","protected":false},"author":1,"featured_media":0,"comment_status":"closed","ping_status":"closed","sticky":false,"template":"","format":"standard","meta":{"ngg_post_thumbnail":0,"footnotes":""},"categories":[6],"tags":[],"class_list":["post-2388","post","type-post","status-publish","format-standard","hentry","category-caths-info"],"_links":{"self":[{"href":"https:\/\/www.caths.cz\/wordpress\/wp-json\/wp\/v2\/posts\/2388","targetHints":{"allow":["GET"]}}],"collection":[{"href":"https:\/\/www.caths.cz\/wordpress\/wp-json\/wp\/v2\/posts"}],"about":[{"href":"https:\/\/www.caths.cz\/wordpress\/wp-json\/wp\/v2\/types\/post"}],"author":[{"embeddable":true,"href":"https:\/\/www.caths.cz\/wordpress\/wp-json\/wp\/v2\/users\/1"}],"replies":[{"embeddable":true,"href":"https:\/\/www.caths.cz\/wordpress\/wp-json\/wp\/v2\/comments?post=2388"}],"version-history":[{"count":0,"href":"https:\/\/www.caths.cz\/wordpress\/wp-json\/wp\/v2\/posts\/2388\/revisions"}],"wp:attachment":[{"href":"https:\/\/www.caths.cz\/wordpress\/wp-json\/wp\/v2\/media?parent=2388"}],"wp:term":[{"taxonomy":"category","embeddable":true,"href":"https:\/\/www.caths.cz\/wordpress\/wp-json\/wp\/v2\/categories?post=2388"},{"taxonomy":"post_tag","embeddable":true,"href":"https:\/\/www.caths.cz\/wordpress\/wp-json\/wp\/v2\/tags?post=2388"}],"curies":[{"name":"wp","href":"https:\/\/api.w.org\/{rel}","templated":true}]}}