{"id":2387,"date":"2012-10-26T11:15:21","date_gmt":"2012-10-26T10:15:21","guid":{"rendered":"http:\/\/www.caths.cz\/wordpress\/?p=2387"},"modified":"2012-10-26T11:15:21","modified_gmt":"2012-10-26T10:15:21","slug":"cyklistum-zacina-drahova-sezona","status":"publish","type":"post","link":"https:\/\/www.caths.cz\/wordpress\/cyklistum-zacina-drahova-sezona\/","title":{"rendered":"Cyklist\u016fm za\u010d\u00edn\u00e1 dr\u00e1hov\u00e1 sez\u00f3na"},"content":{"rendered":"<p align=\"justify\">Cyklist\u016fm za\u010d\u00edn\u00e1 dr\u00e1hov\u00e1 sez\u00f3na, kter\u00e1 nebude, oproti let\u016fm minul\u00fdm, oko\u0159en\u011bna perli\u010dkou v podob\u011b mistrovstv\u00ed sv\u011bta ani sv\u011btov\u00fdch poh\u00e1r\u016f. To je velik\u00fd krok zp\u011bt v p\u0159edstav\u00e1ch UCI a je na m\u00edst\u011b se zamyslet, zda je nastoupen\u00e1 cesta UCI spr\u00e1vn\u00e1. Pro po\u0159adatele z\u00e1vod\u016f je toti\u017e finan\u010dn\u011b nere\u00e1ln\u00e9 organizovat vrcholn\u00e9 sout\u011b\u017ee UCI v situaci, kdy jen na poplatc\u00edch pro UCI zaplat\u00ed t\u011b\u017eko uv\u011b\u0159iteln\u00e9 \u010d\u00e1stky.<\/p>\n<p align=\"justify\"> Jen pro p\u0159\u00edklad, je ve\u0159ejn\u00fdm tajemstv\u00edm, \u017ee Sekce cyklistiky a handbike \u010cATHS usiluje o uspo\u0159\u00e1d\u00e1n\u00ed Sv\u011btov\u00e9ho poh\u00e1ru handicapovan\u00fdch cyklist\u016f v Praze na Strahov\u011b. O tento z\u00e1vod m\u00e1 velk\u00fd z\u00e1jem i UCI, z\u00e1vodn\u00edci, ALE&#8230;<br \/> Jen registra\u010dn\u00ed poplatek pro UCI za zaps\u00e1n\u00ed takov\u00e9ho z\u00e1vodu do kalend\u00e1\u0159e UCI p\u0159edstavuje n\u011bkolik set tis\u00edc korun&#8230; <br \/> Na tento probl\u00e9m neadekv\u00e1tn\u00edch finan\u010dn\u00edch po\u017eadavk\u016f bohu\u017eel nar\u00e1\u017e\u00ed cyklistika jako celek a rok 2013 bude z tohoto pohledu skute\u010dn\u011b extr\u00e9mn\u00ed, v kalend\u00e1\u0159i UCI nenajdeme \u017e\u00e1dn\u00fd mezin\u00e1rodn\u00ed dr\u00e1hov\u00fd z\u00e1vod. <img decoding=\"async\" src=\"\/wordpress\/image\/k_clankum\/385_min.jpg\" ALIGN=\"right\" HSPACE=5 VSPACE=5\"> <br \/> Veden\u00ed cyklistiky \u010cATHS nicm\u00e9n\u011b p\u0159ipravilo pro handicapovan\u00e9 cyklisty velmi pestr\u00fd dr\u00e1hov\u00fd program, ve kter\u00e9m najdeme Mistrovstv\u00ed republiky, mezin\u00e1rodn\u00ed z\u00e1vod i exhibici v r\u00e1mci M\u010cR cyklist\u016f bez handicapu. <br \/> Dr\u00e1hov\u00e1 sez\u00f3na za\u010dne na\u0161im cyklist\u016fm v p\u00e1tek 30. listopadu prvn\u00edm kolem \u010cesk\u00e9ho poh\u00e1ru \u010cATHS handicapovan\u00fdch cyklist\u016f na dr\u00e1ze. Ve dnech 7 \u2013 8. prosince se uskute\u010dn\u00ed mezin\u00e1rodn\u00ed mistrovstv\u00ed \u010cesk\u00e9 republiky \u010cATHS a o \u00fa\u010dast na n\u011bm se u\u017e nyn\u00ed zaj\u00edmaj\u00ed t\u00fdmy N\u011bmecka, Polska, Rakouska, Ruska a Ukrajiny. <br \/> 14. prosince se v r\u00e1mci mistrovstv\u00ed \u010cesk\u00e9 republiky ml\u00e1de\u017ee a kategorie Elite uskute\u010dn\u00ed i vlo\u017een\u00fd exhibi\u010dn\u00ed z\u00e1vod handicapovan\u00fdch cyklist\u016f jako 3. kolo \u010cesk\u00e9ho poh\u00e1ru a \u010cesk\u00fd poh\u00e1r bude n\u00e1sledovat i v roce 2013 dv\u011bma podniky 11. ledna a 25. ledna. <br \/> Fin\u00e1lov\u00fd z\u00e1vod 25. ledna bude rovn\u011b\u017e po\u0159\u00e1dan\u00fd jako mezin\u00e1rodn\u00ed z\u00e1vod \u2013 Prague Track Handicap Cup. <br \/> V\u0161echny z\u00e1vody se uskute\u010dn\u00ed v hale pra\u017esk\u00e9ho Motola, kter\u00e1 bohu\u017eel nespl\u0148uje homologaci danou UCI, proto\u017ee m\u011b\u0159\u00ed pouh\u00fdch 153 metr\u016f oproti doporu\u010den\u00fdm, min. 200 metr\u016fm. Z tohoto d\u016fvodu nemohou b\u00fdt z\u00e1vody v Praze za\u0159azeny do mezin\u00e1rodn\u00edho kalend\u00e1\u0159e v kategori\u00edch P1 \u010di P2 UCI. <\/p>\n<p>Po\u0159adatelem v\u0161ech akc\u00ed je t\u00fdm SK HCP Nutrend Specialized ve spolupr\u00e1ci s \u010cATHS a ASC Dukla Praha. <\/p>\n<p> Propozice \u010cP ke sta\u017een\u00ed <a href=\"http:\/\/www.caths.cz\/storage\/cyklistika\/cpdraha12_13fin.pdf\" target=\"_blank\"> zde<\/a>.<\/p>\n","protected":false},"excerpt":{"rendered":"<a href=\"https:\/\/www.caths.cz\/wordpress\/cyklistum-zacina-drahova-sezona\/\"><img loading=\"lazy\" decoding=\"async\" width=\"100\" height=\"100\" src=\"https:\/\/www.caths.cz\/wordpress\/wp-content\/plugins\/thumbnail-for-excerpts\/tfe_no_thumb.png\" class=\"alignleft wp-post-image tfe\" alt=\"\" title=\"\" \/><\/a><p>Cyklist\u016fm za\u010d\u00edn\u00e1 dr\u00e1hov\u00e1 sez\u00f3na, kter\u00e1 nebude, oproti let\u016fm minul\u00fdm, oko\u0159en\u011bna perli\u010dkou v podob\u011b mistrovstv\u00ed sv\u011bta ani sv\u011btov\u00fdch poh\u00e1r\u016f. To je velik\u00fd krok zp\u011bt v p\u0159edstav\u00e1ch UCI a je na m\u00edst\u011b [&hellip;]<\/p>\n","protected":false},"author":1,"featured_media":0,"comment_status":"closed","ping_status":"closed","sticky":false,"template":"","format":"standard","meta":{"ngg_post_thumbnail":0,"footnotes":""},"categories":[2],"tags":[],"class_list":["post-2387","post","type-post","status-publish","format-standard","hentry","category-cyklistika"],"_links":{"self":[{"href":"https:\/\/www.caths.cz\/wordpress\/wp-json\/wp\/v2\/posts\/2387","targetHints":{"allow":["GET"]}}],"collection":[{"href":"https:\/\/www.caths.cz\/wordpress\/wp-json\/wp\/v2\/posts"}],"about":[{"href":"https:\/\/www.caths.cz\/wordpress\/wp-json\/wp\/v2\/types\/post"}],"author":[{"embeddable":true,"href":"https:\/\/www.caths.cz\/wordpress\/wp-json\/wp\/v2\/users\/1"}],"replies":[{"embeddable":true,"href":"https:\/\/www.caths.cz\/wordpress\/wp-json\/wp\/v2\/comments?post=2387"}],"version-history":[{"count":0,"href":"https:\/\/www.caths.cz\/wordpress\/wp-json\/wp\/v2\/posts\/2387\/revisions"}],"wp:attachment":[{"href":"https:\/\/www.caths.cz\/wordpress\/wp-json\/wp\/v2\/media?parent=2387"}],"wp:term":[{"taxonomy":"category","embeddable":true,"href":"https:\/\/www.caths.cz\/wordpress\/wp-json\/wp\/v2\/categories?post=2387"},{"taxonomy":"post_tag","embeddable":true,"href":"https:\/\/www.caths.cz\/wordpress\/wp-json\/wp\/v2\/tags?post=2387"}],"curies":[{"name":"wp","href":"https:\/\/api.w.org\/{rel}","templated":true}]}}