{"id":23864,"date":"2016-11-21T13:24:01","date_gmt":"2016-11-21T12:24:01","guid":{"rendered":"http:\/\/www.caths.cz\/wordpress\/?p=23864"},"modified":"2016-11-21T13:24:25","modified_gmt":"2016-11-21T12:24:25","slug":"23864","status":"publish","type":"post","link":"https:\/\/www.caths.cz\/wordpress\/23864\/","title":{"rendered":"Koncem \u0159\u00edjna za\u010dala ly\u017ea\u0159sk\u00e9 sekci \u010cATHS sez\u00f3na na sn\u011bhu."},"content":{"rendered":"<p>Soust\u0159ed\u011bn\u00ed na Pitztalu se z\u00fa\u010dastnili Olda Jel\u00ednek, Petr Draho\u0161 a Krist\u00fdna K\u0159enov\u00e1. T\u00fdm doplnil Tom\u00e1\u0161 Vaverka ze Spastic handicap. Tr\u00e9ninkov\u00e9 podm\u00ednky byly v\u00fdborn\u00e9, tak p\u0159\u00edprava na prvn\u00ed z\u00e1vody v\u00a0hale v\u00a0holandsk\u00e9m Landgraafu prob\u00edhala podle pl\u00e1nu.<\/p>\n<p>Oldu sice trochu limitovala bolest z\u00e1p\u011bst\u00ed, Krist\u00fdnu nekvalitn\u00ed monoski, ale v\u0161ichni z\u00e1vodn\u00edci p\u0159es l\u00e9to zapracovali na fyzi\u010dce, a to se pozitivn\u011b projevilo v\u00a0tr\u00e9ninku v\u00a0ty\u010d\u00edch. Do konce leto\u0161n\u00edho roku pl\u00e1nujeme je\u0161t\u011b t\u0159i v\u00fdjezdy na ledovec.<\/p>\n<p>Z\u00e1vodn\u00ed sez\u00f3na za\u010dala dv\u011bma slalomy IPCAS v\u00a0Landgraafu a v\u00a0prosinci n\u00e1s pak \u010dek\u00e1 Pitztal se v\u0161emi discipl\u00ednami SL, GS a SG.<\/p>\n<p><a href=\"http:\/\/www.caths.cz\/wordpress\/wp-content\/uploads\/2016\/11\/t\u00fdm.jpg\"><img loading=\"lazy\" decoding=\"async\" class=\"alignnone size-full wp-image-23865\" src=\"http:\/\/www.caths.cz\/wordpress\/wp-content\/uploads\/2016\/11\/t\u00fdm.jpg\" alt=\"tym\" width=\"960\" height=\"798\" srcset=\"https:\/\/www.caths.cz\/wordpress\/wp-content\/uploads\/2016\/11\/t\u00fdm.jpg 960w, https:\/\/www.caths.cz\/wordpress\/wp-content\/uploads\/2016\/11\/t\u00fdm-300x249.jpg 300w, https:\/\/www.caths.cz\/wordpress\/wp-content\/uploads\/2016\/11\/t\u00fdm-120x100.jpg 120w\" sizes=\"auto, (max-width: 960px) 100vw, 960px\" \/><\/a> <a href=\"http:\/\/www.caths.cz\/wordpress\/wp-content\/uploads\/2016\/11\/PA280534.jpg\"><img loading=\"lazy\" decoding=\"async\" class=\"alignnone size-large wp-image-23866\" src=\"http:\/\/www.caths.cz\/wordpress\/wp-content\/uploads\/2016\/11\/PA280534-1024x768.jpg\" alt=\"OLYMPUS DIGITAL CAMERA\" width=\"600\" height=\"450\" srcset=\"https:\/\/www.caths.cz\/wordpress\/wp-content\/uploads\/2016\/11\/PA280534-1024x768.jpg 1024w, https:\/\/www.caths.cz\/wordpress\/wp-content\/uploads\/2016\/11\/PA280534-300x225.jpg 300w, https:\/\/www.caths.cz\/wordpress\/wp-content\/uploads\/2016\/11\/PA280534-120x90.jpg 120w\" sizes=\"auto, (max-width: 600px) 100vw, 600px\" \/><\/a> <a href=\"http:\/\/www.caths.cz\/wordpress\/wp-content\/uploads\/2016\/11\/PA280421.jpg\"><img loading=\"lazy\" decoding=\"async\" class=\"alignnone size-large wp-image-23867\" src=\"http:\/\/www.caths.cz\/wordpress\/wp-content\/uploads\/2016\/11\/PA280421-1024x768.jpg\" alt=\"OLYMPUS DIGITAL CAMERA\" width=\"600\" height=\"450\" srcset=\"https:\/\/www.caths.cz\/wordpress\/wp-content\/uploads\/2016\/11\/PA280421-1024x768.jpg 1024w, https:\/\/www.caths.cz\/wordpress\/wp-content\/uploads\/2016\/11\/PA280421-300x225.jpg 300w, https:\/\/www.caths.cz\/wordpress\/wp-content\/uploads\/2016\/11\/PA280421-120x90.jpg 120w\" sizes=\"auto, (max-width: 600px) 100vw, 600px\" \/><\/a> <a href=\"http:\/\/www.caths.cz\/wordpress\/wp-content\/uploads\/2016\/11\/PA280506.jpg\"><img loading=\"lazy\" decoding=\"async\" class=\"alignnone size-large wp-image-23868\" src=\"http:\/\/www.caths.cz\/wordpress\/wp-content\/uploads\/2016\/11\/PA280506-1024x768.jpg\" alt=\"OLYMPUS DIGITAL CAMERA\" width=\"600\" height=\"450\" srcset=\"https:\/\/www.caths.cz\/wordpress\/wp-content\/uploads\/2016\/11\/PA280506-1024x768.jpg 1024w, https:\/\/www.caths.cz\/wordpress\/wp-content\/uploads\/2016\/11\/PA280506-300x225.jpg 300w, https:\/\/www.caths.cz\/wordpress\/wp-content\/uploads\/2016\/11\/PA280506-120x90.jpg 120w\" sizes=\"auto, (max-width: 600px) 100vw, 600px\" \/><\/a> <a href=\"http:\/\/www.caths.cz\/wordpress\/wp-content\/uploads\/2016\/11\/PA280441.jpg\"><img loading=\"lazy\" decoding=\"async\" class=\"alignnone size-large wp-image-23869\" src=\"http:\/\/www.caths.cz\/wordpress\/wp-content\/uploads\/2016\/11\/PA280441-1024x768.jpg\" alt=\"OLYMPUS DIGITAL CAMERA\" width=\"600\" height=\"450\" srcset=\"https:\/\/www.caths.cz\/wordpress\/wp-content\/uploads\/2016\/11\/PA280441-1024x768.jpg 1024w, https:\/\/www.caths.cz\/wordpress\/wp-content\/uploads\/2016\/11\/PA280441-300x225.jpg 300w, https:\/\/www.caths.cz\/wordpress\/wp-content\/uploads\/2016\/11\/PA280441-120x90.jpg 120w\" sizes=\"auto, (max-width: 600px) 100vw, 600px\" \/><\/a><\/p>\n","protected":false},"excerpt":{"rendered":"<a href=\"https:\/\/www.caths.cz\/wordpress\/23864\/\"><img width=\"100\" height=\"100\" src=\"https:\/\/www.caths.cz\/wordpress\/wp-content\/uploads\/2016\/11\/t\u00fdm-100x100.jpg\" class=\"alignleft tfe wp-post-image\" alt=\"\" decoding=\"async\" loading=\"lazy\" srcset=\"https:\/\/www.caths.cz\/wordpress\/wp-content\/uploads\/2016\/11\/t\u00fdm-100x100.jpg 100w, https:\/\/www.caths.cz\/wordpress\/wp-content\/uploads\/2016\/11\/t\u00fdm-150x150.jpg 150w\" sizes=\"auto, (max-width: 100px) 100vw, 100px\" \/><\/a><p>Soust\u0159ed\u011bn\u00ed na Pitztalu se z\u00fa\u010dastnili Olda Jel\u00ednek, Petr Draho\u0161 a Krist\u00fdna K\u0159enov\u00e1. T\u00fdm doplnil Tom\u00e1\u0161 Vaverka ze Spastic handicap. Tr\u00e9ninkov\u00e9 podm\u00ednky byly v\u00fdborn\u00e9, tak p\u0159\u00edprava na prvn\u00ed z\u00e1vody v\u00a0hale v\u00a0holandsk\u00e9m [&hellip;]<\/p>\n","protected":false},"author":1,"featured_media":23865,"comment_status":"closed","ping_status":"closed","sticky":false,"template":"","format":"standard","meta":{"ngg_post_thumbnail":0,"footnotes":""},"categories":[14],"tags":[],"class_list":["post-23864","post","type-post","status-publish","format-standard","has-post-thumbnail","hentry","category-lyzovani"],"_links":{"self":[{"href":"https:\/\/www.caths.cz\/wordpress\/wp-json\/wp\/v2\/posts\/23864","targetHints":{"allow":["GET"]}}],"collection":[{"href":"https:\/\/www.caths.cz\/wordpress\/wp-json\/wp\/v2\/posts"}],"about":[{"href":"https:\/\/www.caths.cz\/wordpress\/wp-json\/wp\/v2\/types\/post"}],"author":[{"embeddable":true,"href":"https:\/\/www.caths.cz\/wordpress\/wp-json\/wp\/v2\/users\/1"}],"replies":[{"embeddable":true,"href":"https:\/\/www.caths.cz\/wordpress\/wp-json\/wp\/v2\/comments?post=23864"}],"version-history":[{"count":2,"href":"https:\/\/www.caths.cz\/wordpress\/wp-json\/wp\/v2\/posts\/23864\/revisions"}],"predecessor-version":[{"id":23871,"href":"https:\/\/www.caths.cz\/wordpress\/wp-json\/wp\/v2\/posts\/23864\/revisions\/23871"}],"wp:featuredmedia":[{"embeddable":true,"href":"https:\/\/www.caths.cz\/wordpress\/wp-json\/wp\/v2\/media\/23865"}],"wp:attachment":[{"href":"https:\/\/www.caths.cz\/wordpress\/wp-json\/wp\/v2\/media?parent=23864"}],"wp:term":[{"taxonomy":"category","embeddable":true,"href":"https:\/\/www.caths.cz\/wordpress\/wp-json\/wp\/v2\/categories?post=23864"},{"taxonomy":"post_tag","embeddable":true,"href":"https:\/\/www.caths.cz\/wordpress\/wp-json\/wp\/v2\/tags?post=23864"}],"curies":[{"name":"wp","href":"https:\/\/api.w.org\/{rel}","templated":true}]}}