{"id":2380,"date":"2012-10-11T08:33:01","date_gmt":"2012-10-11T07:33:01","guid":{"rendered":"http:\/\/www.caths.cz\/wordpress\/?p=2380"},"modified":"2012-10-11T08:33:01","modified_gmt":"2012-10-11T07:33:01","slug":"cesky-svaz-telesne-postizenych-sportovcu-zablokoval-statni-finance-urcene-telesne-postizenym-sportovcum","status":"publish","type":"post","link":"https:\/\/www.caths.cz\/wordpress\/cesky-svaz-telesne-postizenych-sportovcu-zablokoval-statni-finance-urcene-telesne-postizenym-sportovcum\/","title":{"rendered":"\u010cesk\u00fd svaz t\u011blesn\u011b posti\u017een\u00fdch sportovc\u016f zablokoval st\u00e1tni finance ur\u010den\u00e9 t\u011blesn\u011b posti\u017een\u00fdm sportovc\u016fm"},"content":{"rendered":"<p>\u010cSTPS vystupuj\u00edc\u00ed v zastoupeni sv\u00e9 m\u00edstop\u0159edsedkyn\u011b Radky Ku\u010d\u00edrkov\u00e9 u\u017e n\u011bkolik m\u011bs\u00edc\u016f v\u011bdom\u011b blokuje financov\u00e1n\u00ed t\u011blesn\u011b posti\u017een\u00fdch sportovc\u016f.<\/p>\n<p align=\"justify\">M\u00edstop\u0159edsedkyn\u011b Ku\u010d\u00edrkov\u00e1 zastupuj\u00edc\u00ed \u010cSTPS toti\u017e odm\u00edt\u00e1 podepsat Rozhodnut\u00ed Ministerstva \u0161kolstv\u00ed, ml\u00e1de\u017ee a t\u011blov\u00fdchovy o dotac\u00edch ur\u010den\u00fdch pro financov\u00e1n\u00ed sportu t\u011blesn\u011b posti\u017een\u00fdch. Svaz tak v\u011bdom\u011b blokuje financov\u00e1n\u00ed sportovc\u016f registrovan\u00fdch pod \u010cSTPS. To samo o sob\u011b by bylo intern\u00ed v\u011bc\u00ed \u010cSTPS. V\u011bc m\u00e1 ale bohu\u017eel mnohem \u0161ir\u0161\u00ed dopad. Vzhledem k tomu, \u017ee financov\u00e1ni sportu t\u011blesn\u011b posti\u017een\u00fdch je v\u00e1z\u00e1no Memorandem IPC, kter\u00e9 podmi\u0148uje financov\u00e1n\u00ed svaz\u016f zastupuj\u00edc\u00edch t\u011blesn\u011b posti\u017een\u00e9 sportovce, nikoliv nez\u00e1visle a samostatn\u011b, n\u00fdbr\u017e pouze spole\u010dn\u011b, podivuhodn\u00fd postoj \u010cSTPS zablokoval financov\u00e1n\u00ed cel\u00e9ho sportu t\u011blesn\u011b posti\u017een\u00fdch tedy i sportovc\u016f \u010cATHS. <br \/> Jen pro up\u0159esn\u011bn\u00ed uv\u00e1d\u00edme, \u017ee \u010cATHS zaji\u0161\u0165uje chod v\u011bt\u0161iny reprezenta\u010dn\u00edch t\u00fdm\u016f, organizuje po\u0159\u00e1d\u00e1n\u00ed mnoha v\u00fdznamn\u00fdch celorepublikov\u00fdch i mezin\u00e1rodn\u00edch sout\u011b\u017e\u00ed a podporuje sv\u00e9 aktivn\u00ed sportovn\u00ed kluby. Na letn\u00edch paralympijsk\u00fdch hr\u00e1ch v Lond\u00fdn\u011b sportovci \u010cATHS tvo\u0159ili v\u011bt\u0161inovou \u010d\u00e1st \u010cesk\u00e9ho paralympijsk\u00e9ho t\u00fdmu a jejich z\u00e1sluhou z\u00edskala \u010cesk\u00e1 republika 6 medail\u00ed. \u010cSTPS byl v Lond\u00fdn\u011b reprezentov\u00e1n pouze jedn\u00edm sportovcem. Sportovci \u010cATHS d\u00edky zastaven\u00e9mu financov\u00e1n\u00ed p\u0159ich\u00e1zej\u00ed v tuto chv\u00edli o \u010d\u00e1stku n\u011bkolika milion\u016f, kter\u00e1 byla ur\u010dena pro jejich paralympijskou p\u0159\u00edpravu a v podstat\u011b v\u011bt\u0161ina jejich p\u0159\u00edpravy na tento v\u00fdznamn\u00fd rok byla financov\u00e1na ze soukrom\u00fdch zdroj\u016f. <br \/> Zimn\u00ed sporty &#8211; sjezdov\u00e9 ly\u017eov\u00e1n\u00ed, curling voz\u00ed\u010dk\u00e1\u0159\u016f \u010di \u00fasp\u011b\u0161n\u00fd sledge hokej jsou v podstat\u011b, na za\u010d\u00e1tku sv\u00e9 z\u00e1vodn\u00ed sez\u00f3ny, \u00fapln\u011b bez financ\u00ed.<\/p>\n","protected":false},"excerpt":{"rendered":"<a href=\"https:\/\/www.caths.cz\/wordpress\/cesky-svaz-telesne-postizenych-sportovcu-zablokoval-statni-finance-urcene-telesne-postizenym-sportovcum\/\"><img loading=\"lazy\" decoding=\"async\" width=\"100\" height=\"100\" src=\"https:\/\/www.caths.cz\/wordpress\/wp-content\/plugins\/thumbnail-for-excerpts\/tfe_no_thumb.png\" class=\"alignleft wp-post-image tfe\" alt=\"\" title=\"\" \/><\/a><p>\u010cSTPS vystupuj\u00edc\u00ed v zastoupeni sv\u00e9 m\u00edstop\u0159edsedkyn\u011b Radky Ku\u010d\u00edrkov\u00e9 u\u017e n\u011bkolik m\u011bs\u00edc\u016f v\u011bdom\u011b blokuje financov\u00e1n\u00ed t\u011blesn\u011b posti\u017een\u00fdch sportovc\u016f. M\u00edstop\u0159edsedkyn\u011b Ku\u010d\u00edrkov\u00e1 zastupuj\u00edc\u00ed \u010cSTPS toti\u017e odm\u00edt\u00e1 podepsat Rozhodnut\u00ed Ministerstva \u0161kolstv\u00ed, ml\u00e1de\u017ee a t\u011blov\u00fdchovy [&hellip;]<\/p>\n","protected":false},"author":1,"featured_media":0,"comment_status":"closed","ping_status":"closed","sticky":false,"template":"","format":"standard","meta":{"ngg_post_thumbnail":0,"footnotes":""},"categories":[1],"tags":[],"class_list":["post-2380","post","type-post","status-publish","format-standard","hentry","category-nezarazene"],"_links":{"self":[{"href":"https:\/\/www.caths.cz\/wordpress\/wp-json\/wp\/v2\/posts\/2380","targetHints":{"allow":["GET"]}}],"collection":[{"href":"https:\/\/www.caths.cz\/wordpress\/wp-json\/wp\/v2\/posts"}],"about":[{"href":"https:\/\/www.caths.cz\/wordpress\/wp-json\/wp\/v2\/types\/post"}],"author":[{"embeddable":true,"href":"https:\/\/www.caths.cz\/wordpress\/wp-json\/wp\/v2\/users\/1"}],"replies":[{"embeddable":true,"href":"https:\/\/www.caths.cz\/wordpress\/wp-json\/wp\/v2\/comments?post=2380"}],"version-history":[{"count":0,"href":"https:\/\/www.caths.cz\/wordpress\/wp-json\/wp\/v2\/posts\/2380\/revisions"}],"wp:attachment":[{"href":"https:\/\/www.caths.cz\/wordpress\/wp-json\/wp\/v2\/media?parent=2380"}],"wp:term":[{"taxonomy":"category","embeddable":true,"href":"https:\/\/www.caths.cz\/wordpress\/wp-json\/wp\/v2\/categories?post=2380"},{"taxonomy":"post_tag","embeddable":true,"href":"https:\/\/www.caths.cz\/wordpress\/wp-json\/wp\/v2\/tags?post=2380"}],"curies":[{"name":"wp","href":"https:\/\/api.w.org\/{rel}","templated":true}]}}