{"id":2379,"date":"2012-10-09T18:46:42","date_gmt":"2012-10-09T17:46:42","guid":{"rendered":"http:\/\/www.caths.cz\/wordpress\/?p=2379"},"modified":"2012-10-09T18:46:42","modified_gmt":"2012-10-09T17:46:42","slug":"atleticka-sezona-je-u-konce-vitezi-cp-jsou-beles-a-kacanu","status":"publish","type":"post","link":"https:\/\/www.caths.cz\/wordpress\/atleticka-sezona-je-u-konce-vitezi-cp-jsou-beles-a-kacanu\/","title":{"rendered":"Atletick\u00e1 sez\u00f3na je u konce, v\u00edt\u011bzi \u010cP jsou B\u011ble\u0161 a Kacanu"},"content":{"rendered":"<p align=\"justify\">Posledn\u00edm z\u00e1vodem KB \u010cP v atletice voz\u00ed\u010dk\u00e1\u0159\u016f, kter\u00fd prob\u011bhl v \u010cesk\u00fdch Bud\u011bjovic\u00edch, byla ukon\u010dena leto\u0161n\u00ed atletick\u00e1 sez\u00f3na. Stejn\u011b jako v lo\u0148sk\u00e9m roce se celkov\u00fdmi v\u00edt\u011bzi stali Radim B\u011ble\u0161 a Eva Kacanu. Celkov\u00e9 po\u0159ad\u00ed si m\u016f\u017eete prohl\u00e9dnout<br \/>\n<a href=\"http:\/\/www.skmoravia.cz\/atletika\/pohar\/cp12all.htm\" target=\"_blank\"> zde<\/a>.<\/p>\n","protected":false},"excerpt":{"rendered":"<a href=\"https:\/\/www.caths.cz\/wordpress\/atleticka-sezona-je-u-konce-vitezi-cp-jsou-beles-a-kacanu\/\"><img loading=\"lazy\" decoding=\"async\" width=\"100\" height=\"100\" src=\"https:\/\/www.caths.cz\/wordpress\/wp-content\/plugins\/thumbnail-for-excerpts\/tfe_no_thumb.png\" class=\"alignleft wp-post-image tfe\" alt=\"\" title=\"\" \/><\/a><p>Posledn\u00edm z\u00e1vodem KB \u010cP v atletice voz\u00ed\u010dk\u00e1\u0159\u016f, kter\u00fd prob\u011bhl v \u010cesk\u00fdch Bud\u011bjovic\u00edch, byla ukon\u010dena leto\u0161n\u00ed atletick\u00e1 sez\u00f3na. Stejn\u011b jako v lo\u0148sk\u00e9m roce se celkov\u00fdmi v\u00edt\u011bzi stali Radim B\u011ble\u0161 a Eva [&hellip;]<\/p>\n","protected":false},"author":1,"featured_media":0,"comment_status":"closed","ping_status":"closed","sticky":false,"template":"","format":"standard","meta":{"ngg_post_thumbnail":0,"footnotes":""},"categories":[5],"tags":[],"class_list":["post-2379","post","type-post","status-publish","format-standard","hentry","category-atletika"],"_links":{"self":[{"href":"https:\/\/www.caths.cz\/wordpress\/wp-json\/wp\/v2\/posts\/2379","targetHints":{"allow":["GET"]}}],"collection":[{"href":"https:\/\/www.caths.cz\/wordpress\/wp-json\/wp\/v2\/posts"}],"about":[{"href":"https:\/\/www.caths.cz\/wordpress\/wp-json\/wp\/v2\/types\/post"}],"author":[{"embeddable":true,"href":"https:\/\/www.caths.cz\/wordpress\/wp-json\/wp\/v2\/users\/1"}],"replies":[{"embeddable":true,"href":"https:\/\/www.caths.cz\/wordpress\/wp-json\/wp\/v2\/comments?post=2379"}],"version-history":[{"count":0,"href":"https:\/\/www.caths.cz\/wordpress\/wp-json\/wp\/v2\/posts\/2379\/revisions"}],"wp:attachment":[{"href":"https:\/\/www.caths.cz\/wordpress\/wp-json\/wp\/v2\/media?parent=2379"}],"wp:term":[{"taxonomy":"category","embeddable":true,"href":"https:\/\/www.caths.cz\/wordpress\/wp-json\/wp\/v2\/categories?post=2379"},{"taxonomy":"post_tag","embeddable":true,"href":"https:\/\/www.caths.cz\/wordpress\/wp-json\/wp\/v2\/tags?post=2379"}],"curies":[{"name":"wp","href":"https:\/\/api.w.org\/{rel}","templated":true}]}}