{"id":2378,"date":"2012-10-07T22:54:10","date_gmt":"2012-10-07T21:54:10","guid":{"rendered":"http:\/\/www.caths.cz\/wordpress\/?p=2378"},"modified":"2012-10-07T22:54:10","modified_gmt":"2012-10-07T21:54:10","slug":"otevrene-mcr-jachtaru-probehlo-minuly-vikend-na-machove-jezere","status":"publish","type":"post","link":"https:\/\/www.caths.cz\/wordpress\/otevrene-mcr-jachtaru-probehlo-minuly-vikend-na-machove-jezere\/","title":{"rendered":"Otev\u0159en\u00e9 M\u010cR jachta\u0159\u016f prob\u011bhlo minul\u00fd v\u00edkend na M\u00e1chov\u011b jeze\u0159e"},"content":{"rendered":"<p align=\"justify\">\nVe dnech 28.-30. z\u00e1\u0159\u00ed se na M\u00e1chov\u011b jeze\u0159e konalo Otev\u0159en\u00e9 M\u010cR lodn\u00ed t\u0159\u00eddy 2,4mR pro rok 2012.\n<\/p>\n<p align=\"justify\"> Klub byl otev\u0159en ji\u017e od \u00fater\u00fd 25.9., s o\u010dek\u00e1vanou \u00fa\u010dast\u00ed zahrani\u010dn\u00edch flotil. Dorazil legend\u00e1rn\u00ed Belgi\u010dan Fred Imhoff a Holan\u010fan Cor de Graaf. T\u00edm bohu\u017eel tok zahrani\u010dn\u00edch \u00fa\u010dastn\u00edk\u016f ustal, nebo\u0165 v\u011bt\u0161ina pozvan\u00fdch se omluvila s ohledem na \u00fanavu, \u010di zran\u011bn\u00ed z \u010derstv\u011b prob\u011bhl\u00e9ho MS.<br \/> Dvoudenn\u00ed tr\u00e9nik prob\u00edhal v p\u0159\u00edjemn\u00e9m v\u011btru v\u00fdchodn\u00edho sm\u011bru o s\u00edle okolo 10 uzl\u016f. Bohu\u017eel se t\u00edmto na\u0161e domluva se svat\u00fdm Petrem vy\u010derpala a prvn\u00ed den z\u00e1vod\u016f n\u00e1s \u010dekal slab\u00fd prom\u011bnliv\u00fd v\u00edtr jihoz\u00e1padn\u00edho sm\u011bru, kter\u00fd se to\u010dil a\u017e o neuv\u011b\u0159iteln\u00fdch 80\u00b0. P\u0159i tomto sm\u011bru nezbylo, ne\u017e postavit tra\u0165 &#8222;p\u0159es ostr\u016fvek&#8220;, co\u017e znamenalo nutnost \u010dasn\u00e9 strategick\u00e9 volby k\u0159\u00eddla. Vzhledem k st\u0159edn\u011b vysok\u00e9 obla\u010dnosti bylo tak\u0159ka nemo\u017en\u00e9 odhadnout dal\u0161\u00ed v\u00fdvoj v\u011btru, tak\u017ee popul\u00e1rn\u00ed M\u00e1ch\u00e1\u010d prov\u011b\u0159il a\u017e ke krajnosti nervy v\u0161ech z\u00e1vodn\u00edk\u016f.<br \/> V prvn\u00ed rozj\u00ed\u017e\u010fce potvrdil p\u0159edpokl\u00e1danou suverenitu Fred Imhoff, n\u00e1sledov\u00e1n Corem de Graafem. Sa\u0161a Sad\u00edlek dovedl do c\u00edle peloton \u010desk\u00fdch lod\u00ed, n\u00e1sledov\u00e1n Petrem \u010cerm\u00e1kem a mnou.<br \/> Ve druh\u00e9 rozj\u00ed\u017e\u010fce se mi spole\u010dn\u011b s Fredem poda\u0159ilo odjet zbytku flotily. Bohu\u017eel jsem se nedok\u00e1zal vymanit ze st\u00ednu vedouc\u00ed lodi, tak \u017ee po\u0159ad\u00ed v c\u00edli bylo Fred, j\u00e1 a Petr \u010cerm\u00e1k.<br \/>T\u0159et\u00ed rozj\u00ed\u017e\u010fku ovlivnily dv\u011b po sob\u011b jdouc\u00ed zm\u011bny. Na nich bystrozrak\u00fdm zp\u016fsobem ulet\u011bl Sa\u0161a Sad\u00edlek a s n\u00e1skokem zv\u00edt\u011bzil. Flotilu za n\u00edm dovedl do c\u00edle Cor de Graaf, n\u00e1sledov\u00e1n op\u011bt Petrem \u010cerm\u00e1kem.<br \/>Ve \u010dtvrt\u00e9 rozj\u00ed\u017e\u010fce jsem zopakoval Sa\u0161\u016fv kousek a zv\u00edt\u011bzil jsem p\u0159ed dvojic\u00ed Fred a Cor.<br \/>P\u0159esto \u017ee v\u00edtr sliboval mo\u017enost p\u00e1t\u00e9 rozj\u00ed\u017e\u010fky, \u0161lo se na b\u0159eh s p\u0159edpov\u011bzenou viz\u00ed kvalitn\u00edho v\u011btru na n\u00e1sleduj\u00edc\u00ed den. Ale ten se bohu\u017eel nedostavil. Je\u0161t\u011b v ned\u011bli jsme uskute\u010dnili v\u00fdjezd na jezero s \u010dek\u00e1n\u00edm na v\u00edtr. Ten se ani nyn\u00ed nedostavil, pro m\u011b na\u0161t\u011bst\u00ed, n\u011bbo\u0165 se p\u0159ihl\u00e1sil nastupuj\u00edc\u00ed z\u00e1pal plic.<br \/>Z\u00e1v\u011brem je\u0161t\u011b mus\u00edm pod\u011bkovat po\u0159\u00e1daj\u00edc\u00edmu klubu a zejm\u00e9na L\u00e1\u010fovi Mend\u00edkovi, za bezchybnou organizaci a skv\u011bl\u00e9 z\u00e1zem\u00ed.<\/p>\n<p>\/Daniel B\u00edna\/ <\/p>\n<p>V\u00fdsledky MM\u010cR:<\/p>\n<p> 1. Fred Imhoff (BEL)<br \/> 2. Cor de Graaf (NED)<br \/> 3. Daniel B\u00edna(CZE)<\/p>\n<p> V\u00fdsledky M\u010cR:<\/p>\n<p> 1. Daniel B\u00edna<br \/> 2. Alex Sad\u00edlek<br \/> 3. Petr \u010cerm\u00e1k<\/p>\n","protected":false},"excerpt":{"rendered":"<a href=\"https:\/\/www.caths.cz\/wordpress\/otevrene-mcr-jachtaru-probehlo-minuly-vikend-na-machove-jezere\/\"><img loading=\"lazy\" decoding=\"async\" width=\"100\" height=\"100\" src=\"https:\/\/www.caths.cz\/wordpress\/wp-content\/plugins\/thumbnail-for-excerpts\/tfe_no_thumb.png\" class=\"alignleft wp-post-image tfe\" alt=\"\" title=\"\" \/><\/a><p>Ve dnech 28.-30. z\u00e1\u0159\u00ed se na M\u00e1chov\u011b jeze\u0159e konalo Otev\u0159en\u00e9 M\u010cR lodn\u00ed t\u0159\u00eddy 2,4mR pro rok 2012. Klub byl otev\u0159en ji\u017e od \u00fater\u00fd 25.9., s o\u010dek\u00e1vanou \u00fa\u010dast\u00ed zahrani\u010dn\u00edch flotil. Dorazil [&hellip;]<\/p>\n","protected":false},"author":1,"featured_media":0,"comment_status":"closed","ping_status":"closed","sticky":false,"template":"","format":"standard","meta":{"ngg_post_thumbnail":0,"footnotes":""},"categories":[11],"tags":[],"class_list":["post-2378","post","type-post","status-publish","format-standard","hentry","category-jachting"],"_links":{"self":[{"href":"https:\/\/www.caths.cz\/wordpress\/wp-json\/wp\/v2\/posts\/2378","targetHints":{"allow":["GET"]}}],"collection":[{"href":"https:\/\/www.caths.cz\/wordpress\/wp-json\/wp\/v2\/posts"}],"about":[{"href":"https:\/\/www.caths.cz\/wordpress\/wp-json\/wp\/v2\/types\/post"}],"author":[{"embeddable":true,"href":"https:\/\/www.caths.cz\/wordpress\/wp-json\/wp\/v2\/users\/1"}],"replies":[{"embeddable":true,"href":"https:\/\/www.caths.cz\/wordpress\/wp-json\/wp\/v2\/comments?post=2378"}],"version-history":[{"count":0,"href":"https:\/\/www.caths.cz\/wordpress\/wp-json\/wp\/v2\/posts\/2378\/revisions"}],"wp:attachment":[{"href":"https:\/\/www.caths.cz\/wordpress\/wp-json\/wp\/v2\/media?parent=2378"}],"wp:term":[{"taxonomy":"category","embeddable":true,"href":"https:\/\/www.caths.cz\/wordpress\/wp-json\/wp\/v2\/categories?post=2378"},{"taxonomy":"post_tag","embeddable":true,"href":"https:\/\/www.caths.cz\/wordpress\/wp-json\/wp\/v2\/tags?post=2378"}],"curies":[{"name":"wp","href":"https:\/\/api.w.org\/{rel}","templated":true}]}}