{"id":2377,"date":"2012-10-06T13:15:39","date_gmt":"2012-10-06T12:15:39","guid":{"rendered":"http:\/\/www.caths.cz\/wordpress\/?p=2377"},"modified":"2012-10-06T13:15:39","modified_gmt":"2012-10-06T12:15:39","slug":"fotografie-z-ep-handicapovanych-cyklistu-na-strahove","status":"publish","type":"post","link":"https:\/\/www.caths.cz\/wordpress\/fotografie-z-ep-handicapovanych-cyklistu-na-strahove\/","title":{"rendered":"Fotografie z EP handicapovan\u00fdch cyklist\u016f na Strahov\u011b"},"content":{"rendered":"<p>sobota<br \/>\n<a href=\"http:\/\/www.caths.cz\/index.php?page=galerie&#038;level=album&#038;id=157\" target=\"_blank\"> zde<\/a> a <a href=\"http:\/\/www.caths.cz\/index.php?page=galerie&#038;level=album&#038;id=156\" target=\"_blank\"> zde<\/a><br \/>\nned\u011ble handicapovan\u00ed <a href=\"http:\/\/www.caths.cz\/index.php?page=galerie&#038;level=album&#038;id=159\" target=\"_blank\"> zde<\/a><br \/>\nned\u011ble ml\u00e1de\u017e <a href=\"http:\/\/www.caths.cz\/index.php?page=galerie&#038;level=album&#038;id=161\" target=\"_blank\"> zde<\/a> a <a href=\"http:\/\/www.caths.cz\/index.php?page=galerie&#038;level=album&#038;id=160\" target=\"_blank\"> zde<\/a><\/p>\n","protected":false},"excerpt":{"rendered":"<a href=\"https:\/\/www.caths.cz\/wordpress\/fotografie-z-ep-handicapovanych-cyklistu-na-strahove\/\"><img loading=\"lazy\" decoding=\"async\" width=\"100\" height=\"100\" src=\"https:\/\/www.caths.cz\/wordpress\/wp-content\/plugins\/thumbnail-for-excerpts\/tfe_no_thumb.png\" class=\"alignleft wp-post-image tfe\" alt=\"\" title=\"\" \/><\/a><p>sobota zde a zde ned\u011ble handicapovan\u00ed zde ned\u011ble ml\u00e1de\u017e zde a zde<\/p>\n","protected":false},"author":1,"featured_media":0,"comment_status":"closed","ping_status":"closed","sticky":false,"template":"","format":"standard","meta":{"ngg_post_thumbnail":0,"footnotes":""},"categories":[1],"tags":[],"class_list":["post-2377","post","type-post","status-publish","format-standard","hentry","category-nezarazene"],"_links":{"self":[{"href":"https:\/\/www.caths.cz\/wordpress\/wp-json\/wp\/v2\/posts\/2377","targetHints":{"allow":["GET"]}}],"collection":[{"href":"https:\/\/www.caths.cz\/wordpress\/wp-json\/wp\/v2\/posts"}],"about":[{"href":"https:\/\/www.caths.cz\/wordpress\/wp-json\/wp\/v2\/types\/post"}],"author":[{"embeddable":true,"href":"https:\/\/www.caths.cz\/wordpress\/wp-json\/wp\/v2\/users\/1"}],"replies":[{"embeddable":true,"href":"https:\/\/www.caths.cz\/wordpress\/wp-json\/wp\/v2\/comments?post=2377"}],"version-history":[{"count":0,"href":"https:\/\/www.caths.cz\/wordpress\/wp-json\/wp\/v2\/posts\/2377\/revisions"}],"wp:attachment":[{"href":"https:\/\/www.caths.cz\/wordpress\/wp-json\/wp\/v2\/media?parent=2377"}],"wp:term":[{"taxonomy":"category","embeddable":true,"href":"https:\/\/www.caths.cz\/wordpress\/wp-json\/wp\/v2\/categories?post=2377"},{"taxonomy":"post_tag","embeddable":true,"href":"https:\/\/www.caths.cz\/wordpress\/wp-json\/wp\/v2\/tags?post=2377"}],"curies":[{"name":"wp","href":"https:\/\/api.w.org\/{rel}","templated":true}]}}