{"id":2376,"date":"2012-10-04T22:32:17","date_gmt":"2012-10-04T21:32:17","guid":{"rendered":"http:\/\/www.caths.cz\/wordpress\/?p=2376"},"modified":"2012-10-04T22:32:17","modified_gmt":"2012-10-04T21:32:17","slug":"11-medaili-z-londyna-malo-zazrak-ale-co-bude-dal","status":"publish","type":"post","link":"https:\/\/www.caths.cz\/wordpress\/11-medaili-z-londyna-malo-zazrak-ale-co-bude-dal\/","title":{"rendered":"11 medail\u00ed z Lond\u00fdna. M\u00e1lo?! Z\u00e1zrak! Ale co bude d\u00e1l?"},"content":{"rendered":"<p align=\"justify\">   \u0158ada koment\u00e1\u0159\u016f se vrac\u00ed k paralympijsk\u00fdm hr\u00e1m v Lond\u00fdn\u011b a p\u0159irovn\u00e1v\u00e1 medailovou nad\u00edlku \u010cesk\u00e9 v\u00fdpravy k paralympi\u00e1d\u00e1m v Pekingu, At\u00e9n\u00e1m a Sydney. <br \/>\nAno, \u010cesk\u00e1 republika z\u00edskala v Lond\u00fdn\u011b nejmen\u0161\u00ed po\u010det paralympijsk\u00fdch medail\u00ed v historii posledn\u00edch paralympi\u00e1d. Ov\u0161em z na\u0161eho pohledu jde o medaile nejcenn\u011bj\u0161\u00ed a docela r\u00e1di budeme v t\u00e9to souvislosti oponovat kritik\u016fm, kte\u0159\u00ed pova\u017euj\u00ed lond\u00fdnsk\u00fd \u00fasp\u011bch za nedostate\u010dn\u00fd.<\/p>\n<p align=\"justify\"> 11 medail\u00ed z Lond\u00fdna pova\u017eujeme za objektivn\u00ed po\u010det cenn\u00fdch kov\u016f vzhledem k aktu\u00e1ln\u00edm mo\u017enostem na\u0161\u00ed zem\u011b a stavu \u010desk\u00e9ho sportu handicapovan\u00fdch a jsme p\u0159esv\u011bd\u010deni, \u017ee v budoucnosti (vzta\u017eeno na letn\u00ed paralympi\u00e1dy) se \u010cesk\u00e1 republika bude pohybovat na po\u010dtech podobn\u00fdch \u010di sp\u00ed\u0161e je\u0161t\u011b ni\u017e\u0161\u00edch. <\/p>\n<p> D\u016fvod\u016f pro\u010d tomu tak je, je hned n\u011bkolik. Mezi ty hlavn\u00ed pat\u0159\u00ed celosv\u011btov\u00e1 profesionalizace sportu handicapovan\u00fdch. Pokud budeme cht\u00edt vytvo\u0159it talentovan\u00fdm sportovc\u016fm podm\u00ednky pro p\u0159\u00edpravu, mus\u00edme jim vytvo\u0159it syst\u00e9m komplexn\u00edho zabezpe\u010den\u00ed, kter\u00fd maj\u00ed p\u0159edn\u00ed sportovci bez handicapu. To je z\u00e1le\u017eitost p\u0159edev\u0161\u00edm finan\u010dn\u00ed a velmi n\u00e1kladn\u00e1. Zabezpe\u010dit jednoho sportovce neznamen\u00e1 pouze d\u00e1t mu jak\u00fdsi plat, jak se myln\u011b domn\u00edvaj\u00ed n\u011bkte\u0159\u00ed \u010de\u0161t\u00ed funkcion\u00e1\u0159i sportu handicapovan\u00fdch. Jde o celkov\u00e9 zabezpe\u010den\u00ed realiza\u010dn\u00edch t\u00fdm\u016f, v\u010detn\u011b odpov\u00eddaj\u00edc\u00edho know-how, tedy vysoce odborn\u00e9 pr\u00e1ce tren\u00e9rsk\u00e9 a mana\u017eersk\u00e9. Za p\u0159\u00edklad by asi nejl\u00e9pe poslou\u017eila Velk\u00e1 Brit\u00e1nie \u010di USA, zem\u011b kter\u00e9 ji\u017e n\u011bkolik let vyu\u017e\u00edvaj\u00ed sv\u00e9 odborn\u00edky na dan\u00fd sport bez rozd\u00edlu zda jde o sportovce handicapovan\u00e9ho \u010di sportovce bez handicapu. <\/p>\n<p> Pokud jde o konkr\u00e9tn\u00ed problematiku na\u0161\u00ed zem\u011b a z\u00e1jem posunout se d\u00e1l, jsme p\u0159esv\u011bd\u010deni, \u017ee je nevyhnuteln\u00e1 spolupr\u00e1ce s funguj\u00edc\u00edm a \u00fasp\u011b\u0161n\u00fdm \u010cesk\u00fdm olympijsk\u00fdm v\u00fdborem. Ten v Lond\u00fdn\u011b dok\u00e1zal, jak profesion\u00e1ln\u011b m\u016f\u017ee fungovat odborn\u00fd sportovn\u00ed servis, marketing, medializace. Zaji\u0161t\u011bn\u00ed \u010cesk\u00e9 v\u00fdpravy paralympijsk\u00e9 v\u016f\u010di t\u00e9to organizaci je asi zbyte\u010dn\u00e9 v\u00edce rozpitv\u00e1vat. Pro\u010d tedy nepo\u017e\u00e1dat \u00fasp\u011b\u0161nou organizaci o pomoc? Pokud n\u00e1m opravdu jde o to nejlep\u0161\u00ed pro na\u0161e sportovce, m\u011bli bychom politickou aktivitu paralympijsk\u00e9ho managementu, sm\u011b\u0159ovat pr\u00e1v\u011b t\u00edmto sm\u011brem. Ostatn\u011b, po t\u00e9to spolupr\u00e1ci volaj\u00ed tren\u00e9\u0159i i z\u00e1vodn\u00edci, co\u017e nen\u00ed \u017e\u00e1dn\u00e9 tajemstv\u00ed. <\/p>\n<p> Mnoh\u00e9 kategorie sportu handicapovan\u00fdch se slou\u010dily, sv\u011bt u\u017e d\u00e1vno nerozli\u0161uje, v cel\u00e9 \u0159ad\u011b sport\u016f, charakter posti\u017een\u00ed. Nen\u00ed \u010desk\u00e9 d\u011blen\u00ed svaz\u016f \u201edle posti\u017een\u00ed\u201c sp\u00ed\u0161e brzdou, v\u00fdhodnou tak maxim\u00e1ln\u011b pro n\u011bkter\u00e9 svazy d\u00edky nelogick\u00e9mu p\u0159erozd\u011blen\u00ed st\u00e1tn\u00edch financ\u00ed? Nesta\u010dilo by n\u00e1m jednoduch\u00e9, ale maxim\u00e1ln\u011b odborn\u00e9 zabezpe\u010den\u00ed reprezenta\u010dn\u00edch t\u00fdm\u016f ne\u017e mnohosvazov\u00e9 doprovody, kter\u00e9 k sob\u011b b\u011bhem sout\u011b\u017e\u00ed, pro l\u00e9ta budovanou rivalitu a nest\u00e1l\u00e9 v\u00e1lky, jen obt\u00ed\u017en\u011b hledaj\u00ed cestu? <\/p>\n<p> \u010cATHS je svazem, kter\u00fd v nejv\u011bt\u0161\u00edm rozsahu zabezpe\u010duje letn\u00ed i zimn\u00ed paralympijsk\u00e9 hry. Na paralympijsk\u00e9 hry v Lond\u00fdn\u011b vyslala \u010cATHS majoritn\u00ed po\u010det sportovc\u016f a z jeden\u00e1cti medail\u00ed m\u00e1 pod\u00edl na 6 cenn\u00fdch kovech. Neuv\u011b\u0159iteln\u00fd \u00fasp\u011bch a respekt ke sportovc\u016fm, tren\u00e9r\u016fm a funkcion\u00e1\u0159\u016fm \u010cATHS, kte\u0159\u00ed se dok\u00e1zali povzn\u00e9st nad neust\u00e1l\u00e9, mezisvazov\u00e9 v\u00e1lky, kter\u00e9 ni\u010d\u00ed a negativn\u011b ovliv\u0148uj\u00ed ka\u017edodenn\u00ed pr\u00e1ci a ve zcela amat\u00e9rsk\u00fdch podm\u00ednk\u00e1ch se dok\u00e1zali p\u0159ipravit na Lond\u00fdn. <\/p>\n<p> Nejbli\u017e\u0161\u00ed m\u011bs\u00edce budou kl\u00ed\u010dov\u00e9 pro dal\u0161\u00ed nastaven\u00ed sportu handicapovan\u00fdch jako celku. Zni\u010dit cokoliv funk\u010dn\u00edho je velmi jednoduch\u00e9 a v na\u0161\u00ed zemi se d\u00edky dlouholet\u00e9mu sporu ve sportu handicapovan\u00fdch u\u017e zni\u010dilo v\u00edc ne\u017e dost. Hovo\u0159me otev\u0159en\u011b o t\u00e9to v\u011bci, vyu\u017eijme v maxim\u00e1ln\u00ed m\u00ed\u0159e osv\u011bd\u010den\u00e9 a funk\u010dn\u00ed modely, funguj\u00edc\u00ed t\u00fdmy.<br \/> M\u00e1me velkou odpov\u011bdnost v\u016f\u010di sportovc\u016fm, kte\u0159\u00ed se p\u0159ipravuj\u00ed na zimn\u00ed paralympijsk\u00e9 hry v So\u010di. <\/p>\n<p> <img decoding=\"async\" src=\"\/wordpress\/image\/sekretarky\/medaile.jpg\"> <\/p>\n","protected":false},"excerpt":{"rendered":"<a href=\"https:\/\/www.caths.cz\/wordpress\/11-medaili-z-londyna-malo-zazrak-ale-co-bude-dal\/\"><img loading=\"lazy\" decoding=\"async\" width=\"100\" height=\"100\" src=\"https:\/\/www.caths.cz\/wordpress\/wp-content\/plugins\/thumbnail-for-excerpts\/tfe_no_thumb.png\" class=\"alignleft wp-post-image tfe\" alt=\"\" title=\"\" \/><\/a><p>\u0158ada koment\u00e1\u0159\u016f se vrac\u00ed k paralympijsk\u00fdm hr\u00e1m v Lond\u00fdn\u011b a p\u0159irovn\u00e1v\u00e1 medailovou nad\u00edlku \u010cesk\u00e9 v\u00fdpravy k paralympi\u00e1d\u00e1m v Pekingu, At\u00e9n\u00e1m a Sydney. Ano, \u010cesk\u00e1 republika z\u00edskala v Lond\u00fdn\u011b nejmen\u0161\u00ed po\u010det [&hellip;]<\/p>\n","protected":false},"author":1,"featured_media":0,"comment_status":"closed","ping_status":"closed","sticky":false,"template":"","format":"standard","meta":{"ngg_post_thumbnail":0,"footnotes":""},"categories":[41],"tags":[],"class_list":["post-2376","post","type-post","status-publish","format-standard","hentry","category-lph-londyn-2012"],"_links":{"self":[{"href":"https:\/\/www.caths.cz\/wordpress\/wp-json\/wp\/v2\/posts\/2376","targetHints":{"allow":["GET"]}}],"collection":[{"href":"https:\/\/www.caths.cz\/wordpress\/wp-json\/wp\/v2\/posts"}],"about":[{"href":"https:\/\/www.caths.cz\/wordpress\/wp-json\/wp\/v2\/types\/post"}],"author":[{"embeddable":true,"href":"https:\/\/www.caths.cz\/wordpress\/wp-json\/wp\/v2\/users\/1"}],"replies":[{"embeddable":true,"href":"https:\/\/www.caths.cz\/wordpress\/wp-json\/wp\/v2\/comments?post=2376"}],"version-history":[{"count":0,"href":"https:\/\/www.caths.cz\/wordpress\/wp-json\/wp\/v2\/posts\/2376\/revisions"}],"wp:attachment":[{"href":"https:\/\/www.caths.cz\/wordpress\/wp-json\/wp\/v2\/media?parent=2376"}],"wp:term":[{"taxonomy":"category","embeddable":true,"href":"https:\/\/www.caths.cz\/wordpress\/wp-json\/wp\/v2\/categories?post=2376"},{"taxonomy":"post_tag","embeddable":true,"href":"https:\/\/www.caths.cz\/wordpress\/wp-json\/wp\/v2\/tags?post=2376"}],"curies":[{"name":"wp","href":"https:\/\/api.w.org\/{rel}","templated":true}]}}