{"id":23358,"date":"2016-09-28T20:03:39","date_gmt":"2016-09-28T19:03:39","guid":{"rendered":"http:\/\/www.caths.cz\/wordpress\/?p=23358"},"modified":"2016-09-29T19:20:47","modified_gmt":"2016-09-29T18:20:47","slug":"evropsky-pohar-v-cyklistice-handicapovanych-a-cesky-pohar-elite-u23_propozice-a-casovy-rozpis","status":"publish","type":"post","link":"https:\/\/www.caths.cz\/wordpress\/evropsky-pohar-v-cyklistice-handicapovanych-a-cesky-pohar-elite-u23_propozice-a-casovy-rozpis\/","title":{"rendered":"Evropsk\u00fd poh\u00e1r v cyklistice handicapovan\u00fdch a \u010cesk\u00fd poh\u00e1r ELITE, U23_Propozice a \u010casov\u00fd rozpis"},"content":{"rendered":"<p>Nadch\u00e1zej\u00edc\u00ed v\u00edkend prob\u011bhnou v Praze na Strahov\u011b dva vrcholn\u00e9 cyklistick\u00e9 podniky. &#8211; Evropsk\u00fd poh\u00e1r v cyklistice handicapovan\u00fdch a fin\u00e1lov\u00fd z\u00e1vod \u010cesk\u00e9ho poh\u00e1ru ELITE, U23.<\/p>\n<p><strong><span style=\"text-decoration: underline;\">Propozice<\/span><\/strong> k ob\u011bma z\u00e1vod\u016fm naleznete na\u00a0<a href=\"http:\/\/www.skcpraha.cz\/wp-content\/uploads\/2016\/09\/Propozice_EP-paracyclingCP-ELITE_Strahov-2016.pdf\" rel=\"lightbox\">propozice_ep-paracyclingcp-elite_strahov-2016<\/a><br \/>\n<span style=\"text-decoration: underline;\"><strong>\u010casov\u00fd rozpis<\/strong><\/span> naleznete na\u00a0<a href=\"http:\/\/www.skcpraha.cz\/wp-content\/uploads\/2016\/09\/\u010casov\u00fd-rozpis_EP-paracyclingCP-ELITE_Strahov-2016.pdf\" rel=\"lightbox\">casovy-rozpis_ep-paracyclingcp-elite_strahov-2016<\/a><\/p>\n<p><a href=\"http:\/\/www.skcpraha.cz\/wp-content\/uploads\/2016\/09\/\u010casov\u00fd-rozpis_EP-paracyclingCP-ELITE_Strahov-2016.pdf\" rel=\"lightbox\">casovy-rozpis_ep-paracyclingcp-elite_strahov-2016<\/a><\/p>\n<p>&nbsp;<\/p>\n<p><img loading=\"lazy\" decoding=\"async\" class=\"alignnone size-full wp-image-4123\" src=\"http:\/\/www.skcpraha.cz\/wp-content\/uploads\/2016\/09\/plak\u00e1t-EP.jpg\" alt=\"plakat-ep\" width=\"399\" height=\"560\" \/><\/p>\n","protected":false},"excerpt":{"rendered":"<a href=\"https:\/\/www.caths.cz\/wordpress\/evropsky-pohar-v-cyklistice-handicapovanych-a-cesky-pohar-elite-u23_propozice-a-casovy-rozpis\/\"><img width=\"100\" height=\"100\" src=\"https:\/\/www.caths.cz\/wordpress\/wp-content\/uploads\/2016\/09\/plak\u00e1t-EP-100x100.jpg\" class=\"alignleft tfe wp-post-image\" alt=\"\" decoding=\"async\" loading=\"lazy\" srcset=\"https:\/\/www.caths.cz\/wordpress\/wp-content\/uploads\/2016\/09\/plak\u00e1t-EP-100x100.jpg 100w, https:\/\/www.caths.cz\/wordpress\/wp-content\/uploads\/2016\/09\/plak\u00e1t-EP-150x150.jpg 150w\" sizes=\"auto, (max-width: 100px) 100vw, 100px\" \/><\/a><p>Nadch\u00e1zej\u00edc\u00ed v\u00edkend prob\u011bhnou v Praze na Strahov\u011b dva vrcholn\u00e9 cyklistick\u00e9 podniky. &#8211; Evropsk\u00fd poh\u00e1r v cyklistice handicapovan\u00fdch a fin\u00e1lov\u00fd z\u00e1vod \u010cesk\u00e9ho poh\u00e1ru ELITE, U23. Propozice k ob\u011bma z\u00e1vod\u016fm naleznete na\u00a0propozice_ep-paracyclingcp-elite_strahov-2016 [&hellip;]<\/p>\n","protected":false},"author":1,"featured_media":23372,"comment_status":"closed","ping_status":"closed","sticky":false,"template":"","format":"standard","meta":{"ngg_post_thumbnail":0,"footnotes":""},"categories":[2],"tags":[],"class_list":["post-23358","post","type-post","status-publish","format-standard","has-post-thumbnail","hentry","category-cyklistika"],"_links":{"self":[{"href":"https:\/\/www.caths.cz\/wordpress\/wp-json\/wp\/v2\/posts\/23358","targetHints":{"allow":["GET"]}}],"collection":[{"href":"https:\/\/www.caths.cz\/wordpress\/wp-json\/wp\/v2\/posts"}],"about":[{"href":"https:\/\/www.caths.cz\/wordpress\/wp-json\/wp\/v2\/types\/post"}],"author":[{"embeddable":true,"href":"https:\/\/www.caths.cz\/wordpress\/wp-json\/wp\/v2\/users\/1"}],"replies":[{"embeddable":true,"href":"https:\/\/www.caths.cz\/wordpress\/wp-json\/wp\/v2\/comments?post=23358"}],"version-history":[{"count":1,"href":"https:\/\/www.caths.cz\/wordpress\/wp-json\/wp\/v2\/posts\/23358\/revisions"}],"predecessor-version":[{"id":23359,"href":"https:\/\/www.caths.cz\/wordpress\/wp-json\/wp\/v2\/posts\/23358\/revisions\/23359"}],"wp:featuredmedia":[{"embeddable":true,"href":"https:\/\/www.caths.cz\/wordpress\/wp-json\/wp\/v2\/media\/23372"}],"wp:attachment":[{"href":"https:\/\/www.caths.cz\/wordpress\/wp-json\/wp\/v2\/media?parent=23358"}],"wp:term":[{"taxonomy":"category","embeddable":true,"href":"https:\/\/www.caths.cz\/wordpress\/wp-json\/wp\/v2\/categories?post=23358"},{"taxonomy":"post_tag","embeddable":true,"href":"https:\/\/www.caths.cz\/wordpress\/wp-json\/wp\/v2\/tags?post=23358"}],"curies":[{"name":"wp","href":"https:\/\/api.w.org\/{rel}","templated":true}]}}