{"id":23356,"date":"2016-09-27T21:55:57","date_gmt":"2016-09-27T20:55:57","guid":{"rendered":"http:\/\/www.caths.cz\/wordpress\/?p=23356"},"modified":"2016-09-29T19:21:18","modified_gmt":"2016-09-29T18:21:18","slug":"prazsky-strahov-se-chysta-na-cyklisticke-finale","status":"publish","type":"post","link":"https:\/\/www.caths.cz\/wordpress\/prazsky-strahov-se-chysta-na-cyklisticke-finale\/","title":{"rendered":"Pra\u017esk\u00fd Strahov se chyst\u00e1 na cyklistick\u00e9 fin\u00e1le!"},"content":{"rendered":"<p>Pra\u017esk\u00fd Strahov bude i v\u00a0leto\u0161n\u00edm roce d\u011bji\u0161t\u011bm v\u00fdznamn\u00e9 cyklistick\u00e9 akce &#8211; Fin\u00e1lov\u00e9ho z\u00e1vodu Evropsk\u00e9ho poh\u00e1ru handicapovan\u00fdch cyklist\u016f, kter\u00fd tentokr\u00e1t dopln\u00ed fin\u00e1lov\u00fd z\u00e1vod nejvy\u0161\u0161\u00ed tuzemsk\u00e9 sout\u011b\u017ee v\u00a0silni\u010dn\u00ed cyklistice &#8211; \u010cesk\u00e9ho poh\u00e1ru pro kategorie Elite a U23.<\/p>\n<p>Spojen\u00ed v\u00fdznamn\u00e9 akce silni\u010dn\u00ed cyklistiky s\u00a0vrcholnou evropskou sout\u011b\u017e\u00ed cyklist\u016f s\u00a0handicapem d\u00e1v\u00e1 Praze, u\u017e \u0159adu let, statut jedn\u00e9 z\u00a0nejv\u011bt\u0161\u00edch integra\u010dn\u00edch akc\u00ed mezin\u00e1rodn\u00edho form\u00e1tu.<\/p>\n<p>Nad z\u00e1vody p\u0159evzali z\u00e1\u0161titu v\u00fdznamn\u00ed \u010dinitel\u00e9 v\u00a0\u010dele s\u00a0prim\u00e1torkou Hlavn\u00edho m\u011bsta Prahy, pan\u00ed Adrianou Krn\u00e1\u010dovou.<\/p>\n<p>&nbsp;<\/p>\n<p>Cel\u00e1 sobota 1. \u0159\u00edjna bude v\u011bnovan\u00e1 programu silni\u010dn\u00edch z\u00e1vod\u016f handicapovan\u00fdch cyklist\u016f, kde se p\u0159edstav\u00ed v\u0161ichni na\u0161i reprezentanti z\u00a0paralympijsk\u00fdch her v Riu v\u00a0\u010dele s\u00a0nej\u00fasp\u011b\u0161n\u011bj\u0161\u00edm cyklistou sv\u011btov\u00e9 paralympijsk\u00e9 historie, Ji\u0159\u00edm Je\u017ekem.<\/p>\n<p>Ned\u011ble 2. \u0159\u00edjna bude m\u00edt na programu dopoledn\u00ed \u010dasovku handicapovan\u00fdch cyklist\u016f a odpoledne odstartuje fin\u00e1lov\u00fd z\u00e1vod \u010cesk\u00e9ho poh\u00e1ru kategori\u00ed Elite a U23.<\/p>\n<p>Po\u0159adatel\u00e9 p\u0159ipravili z\u00e1vodn\u00edk\u016fm zaj\u00edmav\u00e9 a atraktivn\u00ed ceny. V\u00edt\u011bz z\u00e1vodu kategorie Elite z\u00edsk\u00e1, mimo jin\u00e9, tak\u00e9 mo\u017enost v\u00edkendov\u00e9ho zap\u016fj\u010den\u00ed exkluzivn\u00edho sportovn\u00edho vozu Maserati.<\/p>\n<p>Hodnotnou cenu obdr\u017e\u00ed tak\u00e9 nej\u00fasp\u011b\u0161n\u011bj\u0161\u00ed z\u00e1vodn\u00edk kategorie U23, kter\u00fd si z\u00a0Prahy odveze luxusn\u00ed hodinky zna\u010dky Maserati.<\/p>\n<p>Nov\u00fdm maskotem z\u00e1vod\u016f na Strahov\u011b, je Opi\u010d\u00e1k Vincent, kter\u00e9ho si dom\u016f, spole\u010dn\u011b s\u00a0velk\u00fdm pra\u017esk\u00fdm kol\u00e1\u010dem, odvezou medailist\u00e9 v\u0161ech z\u00e1vod\u016f&#8230;<\/p>\n<p><a href=\"http:\/\/www.caths.cz\/wordpress\/wp-content\/uploads\/2016\/09\/Opicak-Vincent.jpg\"><img loading=\"lazy\" decoding=\"async\" class=\"alignnone size-full wp-image-23348\" src=\"http:\/\/www.caths.cz\/wordpress\/wp-content\/uploads\/2016\/09\/Opicak-Vincent.jpg\" alt=\"opicak-vincent\" width=\"717\" height=\"685\" srcset=\"https:\/\/www.caths.cz\/wordpress\/wp-content\/uploads\/2016\/09\/Opicak-Vincent.jpg 717w, https:\/\/www.caths.cz\/wordpress\/wp-content\/uploads\/2016\/09\/Opicak-Vincent-300x287.jpg 300w, https:\/\/www.caths.cz\/wordpress\/wp-content\/uploads\/2016\/09\/Opicak-Vincent-120x115.jpg 120w\" sizes=\"auto, (max-width: 717px) 100vw, 717px\" \/><\/a><a href=\"https:\/\/www.facebook.com\/photo.php?fbid=1150631348358400&amp;set=a.557291431025731.1073741825.100002346368048&amp;type=3\"><br \/>\n<\/a><\/p>\n","protected":false},"excerpt":{"rendered":"<a href=\"https:\/\/www.caths.cz\/wordpress\/prazsky-strahov-se-chysta-na-cyklisticke-finale\/\"><img width=\"100\" height=\"100\" src=\"https:\/\/www.caths.cz\/wordpress\/wp-content\/uploads\/2016\/09\/Opicak-Vincent-100x100.jpg\" class=\"alignleft tfe wp-post-image\" alt=\"\" decoding=\"async\" loading=\"lazy\" srcset=\"https:\/\/www.caths.cz\/wordpress\/wp-content\/uploads\/2016\/09\/Opicak-Vincent-100x100.jpg 100w, https:\/\/www.caths.cz\/wordpress\/wp-content\/uploads\/2016\/09\/Opicak-Vincent-150x150.jpg 150w\" sizes=\"auto, (max-width: 100px) 100vw, 100px\" \/><\/a><p>Pra\u017esk\u00fd Strahov bude i v\u00a0leto\u0161n\u00edm roce d\u011bji\u0161t\u011bm v\u00fdznamn\u00e9 cyklistick\u00e9 akce &#8211; Fin\u00e1lov\u00e9ho z\u00e1vodu Evropsk\u00e9ho poh\u00e1ru handicapovan\u00fdch cyklist\u016f, kter\u00fd tentokr\u00e1t dopln\u00ed fin\u00e1lov\u00fd z\u00e1vod nejvy\u0161\u0161\u00ed tuzemsk\u00e9 sout\u011b\u017ee v\u00a0silni\u010dn\u00ed cyklistice &#8211; \u010cesk\u00e9ho poh\u00e1ru [&hellip;]<\/p>\n","protected":false},"author":1,"featured_media":23348,"comment_status":"closed","ping_status":"closed","sticky":false,"template":"","format":"standard","meta":{"ngg_post_thumbnail":0,"footnotes":""},"categories":[2],"tags":[],"class_list":["post-23356","post","type-post","status-publish","format-standard","has-post-thumbnail","hentry","category-cyklistika"],"_links":{"self":[{"href":"https:\/\/www.caths.cz\/wordpress\/wp-json\/wp\/v2\/posts\/23356","targetHints":{"allow":["GET"]}}],"collection":[{"href":"https:\/\/www.caths.cz\/wordpress\/wp-json\/wp\/v2\/posts"}],"about":[{"href":"https:\/\/www.caths.cz\/wordpress\/wp-json\/wp\/v2\/types\/post"}],"author":[{"embeddable":true,"href":"https:\/\/www.caths.cz\/wordpress\/wp-json\/wp\/v2\/users\/1"}],"replies":[{"embeddable":true,"href":"https:\/\/www.caths.cz\/wordpress\/wp-json\/wp\/v2\/comments?post=23356"}],"version-history":[{"count":1,"href":"https:\/\/www.caths.cz\/wordpress\/wp-json\/wp\/v2\/posts\/23356\/revisions"}],"predecessor-version":[{"id":23357,"href":"https:\/\/www.caths.cz\/wordpress\/wp-json\/wp\/v2\/posts\/23356\/revisions\/23357"}],"wp:featuredmedia":[{"embeddable":true,"href":"https:\/\/www.caths.cz\/wordpress\/wp-json\/wp\/v2\/media\/23348"}],"wp:attachment":[{"href":"https:\/\/www.caths.cz\/wordpress\/wp-json\/wp\/v2\/media?parent=23356"}],"wp:term":[{"taxonomy":"category","embeddable":true,"href":"https:\/\/www.caths.cz\/wordpress\/wp-json\/wp\/v2\/categories?post=23356"},{"taxonomy":"post_tag","embeddable":true,"href":"https:\/\/www.caths.cz\/wordpress\/wp-json\/wp\/v2\/tags?post=23356"}],"curies":[{"name":"wp","href":"https:\/\/api.w.org\/{rel}","templated":true}]}}