{"id":23352,"date":"2016-09-23T15:02:31","date_gmt":"2016-09-23T14:02:31","guid":{"rendered":"http:\/\/www.caths.cz\/wordpress\/?p=23352"},"modified":"2016-09-23T15:02:31","modified_gmt":"2016-09-23T14:02:31","slug":"paralympiada-v-riu-predcila-ocekavani-celeho-sveta","status":"publish","type":"post","link":"https:\/\/www.caths.cz\/wordpress\/paralympiada-v-riu-predcila-ocekavani-celeho-sveta\/","title":{"rendered":"Paralympi\u00e1da v Riu p\u0159ed\u010dila o\u010dek\u00e1v\u00e1n\u00ed cel\u00e9ho sv\u011bta"},"content":{"rendered":"<p>Olympijsk\u00e9 a Paralympijsk\u00e9 hry v\u00a0Riu jsou minulost\u00ed. Nast\u00e1v\u00e1 \u010das hodnocen\u00ed a z\u00a0na\u0161eho pohledu m\u016f\u017eeme jednodu\u0161e konstatovat, \u017ee to Brazilci, navzdory v\u0161em katastrofick\u00fdm sc\u00e9n\u00e1\u0159\u016fm, zvl\u00e1dli velmi dob\u0159e.<\/p>\n<p>Rio nelze srovn\u00e1vat s\u00a0Lond\u00fdnem \u010di Pekingem. Destinace Braz\u00edlie, jej\u00ed zvyky, \u017eivotn\u00ed \u00farove\u0148, psan\u00e1 i nepsan\u00e1 pravidla jsou natolik odli\u0161n\u00e9 a pro n\u00e1s exotick\u00e9, \u017ee to prost\u011b nen\u00ed mo\u017en\u00e9.<\/p>\n<p>Nicm\u00e9n\u011b, nikde jsme nezaznamenali n\u011bjak\u00fd z\u00e1va\u017en\u00fd organiza\u010dn\u00ed probl\u00e9m, \u00farove\u0148 ubytov\u00e1n\u00ed \u010di stravov\u00e1n\u00ed byla dostate\u010dn\u00e1 a tak\u00e9 po str\u00e1nce logistick\u00e9 v\u0161e prob\u00edhalo dle standardu olympijsk\u00e9ho a paralympijsk\u00e9ho hnut\u00ed.<\/p>\n<p>Brazilci zvl\u00e1dli tak\u00e9 p\u0159et\u00ed\u017een\u00fd dopravn\u00ed syst\u00e9m Ria a kdo by m\u011bl mo\u017enost sledovat bezchybn\u00fd transport a precizn\u00ed logistiku cel\u00e9 olympijsk\u00e9 \u010di paralympijsk\u00e9 vesnice do centra Ria na stadion Maracana, kde bylo slavnostn\u00ed zah\u00e1jen\u00ed a zakon\u010den\u00ed Her, \u00fadivem by mu patrn\u011b poklesla brada.<\/p>\n<p>Brazilci se obdivuhodn\u011b dob\u0159e vypo\u0159\u00e1dali tak\u00e9 s\u00a0nedostatkem dobrovoln\u00edk\u016f. M\u00edsto nich povolali nekompromisn\u00ed a p\u0159esn\u011b funguj\u00edc\u00ed arm\u00e1du. T\u00edm dosavadn\u00ed, sympatickou pr\u00e1ci nad\u0161enc\u016f pov\u00fd\u0161ili na p\u0159esnou \u010dinnost bez kompromis\u016f a zav\u00e1h\u00e1n\u00ed, co\u017e, p\u0159i v\u0161\u00ed \u00fact\u011b k\u00a0\u010dinnosti dobrovoln\u00edk\u016f najednou dalo hr\u00e1m \u00fapln\u011b jin\u00e9 parametry pokud jde rychlost, p\u0159esnost a v\u011bcnost.<\/p>\n<p>Rio ur\u010dit\u011b nebylo hrami honosn\u00fdmi a p\u0159epychov\u00fdmi s\u00a0luxusn\u00edmi auty \u010di nadstandardn\u00edm z\u00e1zem\u00edm, ale rozhodn\u011b nem\u016f\u017eeme \u0159\u00edct, \u017ee by se n\u011b\u010deho nedost\u00e1valo.<\/p>\n<p>Samostatnou kapitolou byli div\u00e1ci. Pro\u0159\u00eddl\u00e9 tribuny olympijsk\u00fdch her vyst\u0159\u00eddaly zapln\u011bn\u00e9 tribuny her paralympijsk\u00fdch. I zde se projevila schopnost Brazilc\u016f velmi rychle reagovat na vzniklou situaci. Pro paralympi\u00e1du v\u00fdrazn\u011b sn\u00ed\u017eili vstupn\u00e9 tak, aby bylo p\u0159\u00edstupn\u00e9 \u0161irok\u00e9 ve\u0159ejnosti a po p\u00e1r dnech mohli konstatovat zcela zapln\u011bn\u00e9 stadiony a 1,6 milionu prodan\u00fdch vstupenek.<\/p>\n<p>A skute\u010dn\u011b nenapodobiteln\u00fd je brazilsk\u00fd fanou\u0161kovsk\u00fd temperament s\u00a0prvky samby a fotbalov\u00e9ho skandov\u00e1n\u00ed. Pokud n\u011bco podobn\u00e9ho za\u017eijete nap\u0159\u00edklad na zcela zapln\u011bn\u00e9m plaveck\u00e9m nebo atletick\u00e9m stadionu \u010di p\u0159i dr\u00e1hov\u00e9 cyklistice, mus\u00edte konstatovat, \u017ee to bylo fascinuj\u00edc\u00ed, jako samotn\u00e9 Rio.<\/p>\n<p>D\u011bkovn\u00e9 video fanou\u0161k\u016f z Ria naleznete <a href=\"https:\/\/www.facebook.com\/rio2016pt\/videos\/10154574950829111\/\">ZDE<\/a><\/p>\n<p><a href=\"http:\/\/www.caths.cz\/wordpress\/wp-content\/uploads\/2016\/09\/14434884_1292876290752464_5790579617588387558_o.jpg\"><img loading=\"lazy\" decoding=\"async\" class=\"alignnone size-large wp-image-23353\" src=\"http:\/\/www.caths.cz\/wordpress\/wp-content\/uploads\/2016\/09\/14434884_1292876290752464_5790579617588387558_o-1024x702.jpg\" alt=\"14434884_1292876290752464_5790579617588387558_o\" width=\"600\" height=\"411\" srcset=\"https:\/\/www.caths.cz\/wordpress\/wp-content\/uploads\/2016\/09\/14434884_1292876290752464_5790579617588387558_o-1024x702.jpg 1024w, https:\/\/www.caths.cz\/wordpress\/wp-content\/uploads\/2016\/09\/14434884_1292876290752464_5790579617588387558_o-300x206.jpg 300w, https:\/\/www.caths.cz\/wordpress\/wp-content\/uploads\/2016\/09\/14434884_1292876290752464_5790579617588387558_o-120x82.jpg 120w, https:\/\/www.caths.cz\/wordpress\/wp-content\/uploads\/2016\/09\/14434884_1292876290752464_5790579617588387558_o.jpg 2048w\" sizes=\"auto, (max-width: 600px) 100vw, 600px\" \/><\/a><\/p>\n<p>&nbsp;<\/p>\n<p>&nbsp;<\/p>\n","protected":false},"excerpt":{"rendered":"<a href=\"https:\/\/www.caths.cz\/wordpress\/paralympiada-v-riu-predcila-ocekavani-celeho-sveta\/\"><img width=\"100\" height=\"100\" src=\"https:\/\/www.caths.cz\/wordpress\/wp-content\/uploads\/2016\/09\/14434884_1292876290752464_5790579617588387558_o-100x100.jpg\" class=\"alignleft tfe wp-post-image\" alt=\"\" decoding=\"async\" loading=\"lazy\" srcset=\"https:\/\/www.caths.cz\/wordpress\/wp-content\/uploads\/2016\/09\/14434884_1292876290752464_5790579617588387558_o-100x100.jpg 100w, https:\/\/www.caths.cz\/wordpress\/wp-content\/uploads\/2016\/09\/14434884_1292876290752464_5790579617588387558_o-150x150.jpg 150w\" sizes=\"auto, (max-width: 100px) 100vw, 100px\" \/><\/a><p>Olympijsk\u00e9 a Paralympijsk\u00e9 hry v\u00a0Riu jsou minulost\u00ed. Nast\u00e1v\u00e1 \u010das hodnocen\u00ed a z\u00a0na\u0161eho pohledu m\u016f\u017eeme jednodu\u0161e konstatovat, \u017ee to Brazilci, navzdory v\u0161em katastrofick\u00fdm sc\u00e9n\u00e1\u0159\u016fm, zvl\u00e1dli velmi dob\u0159e. Rio nelze srovn\u00e1vat s\u00a0Lond\u00fdnem [&hellip;]<\/p>\n","protected":false},"author":1,"featured_media":23353,"comment_status":"closed","ping_status":"closed","sticky":false,"template":"","format":"standard","meta":{"ngg_post_thumbnail":0,"footnotes":""},"categories":[24],"tags":[],"class_list":["post-23352","post","type-post","status-publish","format-standard","has-post-thumbnail","hentry","category-lph-rio-de-janeiro-2016"],"_links":{"self":[{"href":"https:\/\/www.caths.cz\/wordpress\/wp-json\/wp\/v2\/posts\/23352","targetHints":{"allow":["GET"]}}],"collection":[{"href":"https:\/\/www.caths.cz\/wordpress\/wp-json\/wp\/v2\/posts"}],"about":[{"href":"https:\/\/www.caths.cz\/wordpress\/wp-json\/wp\/v2\/types\/post"}],"author":[{"embeddable":true,"href":"https:\/\/www.caths.cz\/wordpress\/wp-json\/wp\/v2\/users\/1"}],"replies":[{"embeddable":true,"href":"https:\/\/www.caths.cz\/wordpress\/wp-json\/wp\/v2\/comments?post=23352"}],"version-history":[{"count":1,"href":"https:\/\/www.caths.cz\/wordpress\/wp-json\/wp\/v2\/posts\/23352\/revisions"}],"predecessor-version":[{"id":23354,"href":"https:\/\/www.caths.cz\/wordpress\/wp-json\/wp\/v2\/posts\/23352\/revisions\/23354"}],"wp:featuredmedia":[{"embeddable":true,"href":"https:\/\/www.caths.cz\/wordpress\/wp-json\/wp\/v2\/media\/23353"}],"wp:attachment":[{"href":"https:\/\/www.caths.cz\/wordpress\/wp-json\/wp\/v2\/media?parent=23352"}],"wp:term":[{"taxonomy":"category","embeddable":true,"href":"https:\/\/www.caths.cz\/wordpress\/wp-json\/wp\/v2\/categories?post=23352"},{"taxonomy":"post_tag","embeddable":true,"href":"https:\/\/www.caths.cz\/wordpress\/wp-json\/wp\/v2\/tags?post=23352"}],"curies":[{"name":"wp","href":"https:\/\/api.w.org\/{rel}","templated":true}]}}