{"id":23347,"date":"2016-09-23T07:21:25","date_gmt":"2016-09-23T06:21:25","guid":{"rendered":"http:\/\/www.caths.cz\/wordpress\/?p=23347"},"modified":"2016-09-23T07:21:42","modified_gmt":"2016-09-23T06:21:42","slug":"novym-maskotem-evropskeho-poharu-handicapovanych-cyklistu-v-praze-na-strahove-je-opicak-vincent","status":"publish","type":"post","link":"https:\/\/www.caths.cz\/wordpress\/novym-maskotem-evropskeho-poharu-handicapovanych-cyklistu-v-praze-na-strahove-je-opicak-vincent\/","title":{"rendered":"Nov\u00fdm maskotem Evropsk\u00e9ho poh\u00e1ru handicapovan\u00fdch cyklist\u016f v Praze na Strahov\u011b je Opi\u010d\u00e1k Vincent!"},"content":{"rendered":"<p>Fin\u00e1lov\u00fd z\u00e1vod Evropsk\u00e9ho poh\u00e1ru handicapovan\u00fdch cyklist\u016f a Fin\u00e1lov\u00fd z\u00e1vod \u010cesk\u00e9ho poh\u00e1ru v silni\u010dn\u00ed cyklistice pro kategorie Elite a U23 po\u0159\u00e1d\u00e1me v Praze na Strahov\u011b u\u017e p\u0159\u00ed\u0161t\u00ed v\u00edkend, 1-2. \u0159\u00edjna.<\/p>\n<p>A tohle je Vincent, maskot z\u00e1vod\u016f na Strahov\u011b a dom\u016f si ho odvezou v\u0161ichni medailist\u00e9&#8230;<span class=\"_47e3\"><img loading=\"lazy\" decoding=\"async\" class=\"img\" src=\"https:\/\/www.facebook.com\/images\/emoji.php\/v5\/u7f\/1\/16\/1f60a.png\" alt=\"\" width=\"16\" height=\"16\" \/><\/span><\/p>\n<p>&nbsp;<\/p>\n<p><a href=\"http:\/\/www.caths.cz\/wordpress\/wp-content\/uploads\/2016\/09\/Opicak-Vincent.jpg\"><img loading=\"lazy\" decoding=\"async\" class=\"alignnone size-full wp-image-23348\" src=\"http:\/\/www.caths.cz\/wordpress\/wp-content\/uploads\/2016\/09\/Opicak-Vincent.jpg\" alt=\"opicak-vincent\" width=\"717\" height=\"685\" srcset=\"https:\/\/www.caths.cz\/wordpress\/wp-content\/uploads\/2016\/09\/Opicak-Vincent.jpg 717w, https:\/\/www.caths.cz\/wordpress\/wp-content\/uploads\/2016\/09\/Opicak-Vincent-300x287.jpg 300w, https:\/\/www.caths.cz\/wordpress\/wp-content\/uploads\/2016\/09\/Opicak-Vincent-120x115.jpg 120w\" sizes=\"auto, (max-width: 717px) 100vw, 717px\" \/><\/a><\/p>\n","protected":false},"excerpt":{"rendered":"<a href=\"https:\/\/www.caths.cz\/wordpress\/novym-maskotem-evropskeho-poharu-handicapovanych-cyklistu-v-praze-na-strahove-je-opicak-vincent\/\"><img width=\"100\" height=\"100\" src=\"https:\/\/www.caths.cz\/wordpress\/wp-content\/uploads\/2016\/09\/Opicak-Vincent-100x100.jpg\" class=\"alignleft tfe wp-post-image\" alt=\"\" decoding=\"async\" loading=\"lazy\" srcset=\"https:\/\/www.caths.cz\/wordpress\/wp-content\/uploads\/2016\/09\/Opicak-Vincent-100x100.jpg 100w, https:\/\/www.caths.cz\/wordpress\/wp-content\/uploads\/2016\/09\/Opicak-Vincent-150x150.jpg 150w\" sizes=\"auto, (max-width: 100px) 100vw, 100px\" \/><\/a><p>Fin\u00e1lov\u00fd z\u00e1vod Evropsk\u00e9ho poh\u00e1ru handicapovan\u00fdch cyklist\u016f a Fin\u00e1lov\u00fd z\u00e1vod \u010cesk\u00e9ho poh\u00e1ru v silni\u010dn\u00ed cyklistice pro kategorie Elite a U23 po\u0159\u00e1d\u00e1me v Praze na Strahov\u011b u\u017e p\u0159\u00ed\u0161t\u00ed v\u00edkend, 1-2. \u0159\u00edjna. A [&hellip;]<\/p>\n","protected":false},"author":1,"featured_media":23348,"comment_status":"closed","ping_status":"closed","sticky":false,"template":"","format":"standard","meta":{"ngg_post_thumbnail":0,"footnotes":""},"categories":[2],"tags":[],"class_list":["post-23347","post","type-post","status-publish","format-standard","has-post-thumbnail","hentry","category-cyklistika"],"_links":{"self":[{"href":"https:\/\/www.caths.cz\/wordpress\/wp-json\/wp\/v2\/posts\/23347","targetHints":{"allow":["GET"]}}],"collection":[{"href":"https:\/\/www.caths.cz\/wordpress\/wp-json\/wp\/v2\/posts"}],"about":[{"href":"https:\/\/www.caths.cz\/wordpress\/wp-json\/wp\/v2\/types\/post"}],"author":[{"embeddable":true,"href":"https:\/\/www.caths.cz\/wordpress\/wp-json\/wp\/v2\/users\/1"}],"replies":[{"embeddable":true,"href":"https:\/\/www.caths.cz\/wordpress\/wp-json\/wp\/v2\/comments?post=23347"}],"version-history":[{"count":2,"href":"https:\/\/www.caths.cz\/wordpress\/wp-json\/wp\/v2\/posts\/23347\/revisions"}],"predecessor-version":[{"id":23350,"href":"https:\/\/www.caths.cz\/wordpress\/wp-json\/wp\/v2\/posts\/23347\/revisions\/23350"}],"wp:featuredmedia":[{"embeddable":true,"href":"https:\/\/www.caths.cz\/wordpress\/wp-json\/wp\/v2\/media\/23348"}],"wp:attachment":[{"href":"https:\/\/www.caths.cz\/wordpress\/wp-json\/wp\/v2\/media?parent=23347"}],"wp:term":[{"taxonomy":"category","embeddable":true,"href":"https:\/\/www.caths.cz\/wordpress\/wp-json\/wp\/v2\/categories?post=23347"},{"taxonomy":"post_tag","embeddable":true,"href":"https:\/\/www.caths.cz\/wordpress\/wp-json\/wp\/v2\/tags?post=23347"}],"curies":[{"name":"wp","href":"https:\/\/api.w.org\/{rel}","templated":true}]}}