{"id":23342,"date":"2016-09-21T18:55:08","date_gmt":"2016-09-21T17:55:08","guid":{"rendered":"http:\/\/www.caths.cz\/wordpress\/?p=23342"},"modified":"2016-09-21T19:00:55","modified_gmt":"2016-09-21T18:00:55","slug":"cesi-vybojovali-7-cennych-kovu-vzhledem-k-podminkam-profesionalniho-sportu-handicapovanych-u-nas-je-to-uspech","status":"publish","type":"post","link":"https:\/\/www.caths.cz\/wordpress\/cesi-vybojovali-7-cennych-kovu-vzhledem-k-podminkam-profesionalniho-sportu-handicapovanych-u-nas-je-to-uspech\/","title":{"rendered":"\u010ce\u0161i vybojovali 7 cenn\u00fdch kov\u016f. Vzhledem k podm\u00ednk\u00e1m profesion\u00e1ln\u00edho sportu handicapovan\u00fdch u n\u00e1s, je to \u00fasp\u011bch\u2026"},"content":{"rendered":"<p>\u010cesk\u00fd t\u00fdm veze z\u00a0Ria 7 cenn\u00fdch kov\u016f. Arno\u0161t Petr\u00e1\u010dek je paralympijsk\u00fdm v\u00edt\u011bzem, st\u0159\u00edbro si do \u010cech odv\u00e1\u017e\u00ed lukost\u0159elec David Drahoninsk\u00fd a plavkyn\u011b B\u011bla T\u0159eb\u00ednov\u00e1 a bronz z\u00edskala atletka Eva Bern\u00e1, stoln\u00ed tenista Ji\u0159\u00ed Such\u00e1nek, lukost\u0159eleck\u00e9 dru\u017estvo David Drahon\u00edsk\u00fd \u2013 \u0160\u00e1rka Musilov\u00e1 a svou druhou medaili z baz\u00e9nu v\u00a0Rio parku vylovila B\u011bla T\u0159eb\u00ednov\u00e1.<\/p>\n<p>Pokud bychom cht\u011bli hodnotit \u010cesk\u00fd t\u00fdm jako celek, zaslou\u017e\u00ed si \u010cesk\u00fd paralympijsk\u00fd t\u00fdm absolutorium. 7 medail\u00ed je v\u00a0sou\u010dasn\u00e9 konkurenci a celosv\u011btov\u00e9 profesionalizaci sportu handicapovan\u00fdch velik\u00fdm \u00fasp\u011bchem.<\/p>\n<p>Kousek od medaile, nicm\u00e9n\u011b v\u00a0kontaktu se sv\u011btovou \u0161pi\u010dkou z\u016fstaly dal\u0161\u00ed \u00fasp\u011b\u0161n\u00e9 paralympijsk\u00e9 sporty \u2013 cyklistika a atletika voz\u00ed\u010dk\u00e1\u0159\u016f.<br \/>\nOv\u0161em ani v\u00a0p\u0159\u00edpad\u011b t\u011bchto sport\u016f nelze hovo\u0159it o ne\u00fasp\u011b\u0161n\u00e9 misi. Cyklist\u00e9 byli n\u011bkolikr\u00e1t jen kousek od medaile a p\u00e1t\u00e1 m\u00edsta Iva Koblasy, t\u00fdmov\u00e9ho sprintu \u010di tricyklisty Hindra jsou v\u00fdborn\u00fdmi v\u00fdsledky.<br \/>\nTo sam\u00e9 plat\u00ed v\u00a0p\u0159\u00edpad\u011b atlet\u016f, um\u00edst\u011bn\u00ed Martina Zvol\u00e1nka, Radima B\u011ble\u0161e \u010di Ale\u0161e Kis\u00e9ho jsou v\u00a0p\u0159\u00edm\u00e9m kontaktu se sv\u011btovou \u0161pi\u010dkou.<\/p>\n<p>V\u011bt\u0161ina na\u0161ich paralympionik\u016f v\u00a0porovn\u00e1n\u00ed s\u00a0ostatn\u00ed sv\u011btovou \u0161pi\u010dkou nen\u00ed sportovn\u00edmi profesion\u00e1ly, vrcholov\u00e9mu sportu se v\u011bnuj\u00ed spole\u010dn\u011b se sv\u00fdm zam\u011bstn\u00e1n\u00edm.<br \/>\nTuto skute\u010dnost jsme ji\u017e mnohokr\u00e1t d\u016frazn\u011b zmi\u0148ovali po paralympijsk\u00fdch hr\u00e1ch v\u00a0Lond\u00fdn\u011b, bohu\u017eel, po lond\u00fdnsk\u00e9m p\u0159erozd\u011blen\u00ed st\u00e1tn\u00edch financ\u00ed do\u0161lo paradoxn\u011b je\u0161t\u011b k\u00a0v\u011bt\u0161\u00edmu nepom\u011bru financov\u00e1n\u00ed sportu handicapovan\u00fdch v neprosp\u011bch v\u00fdkonnostn\u00edho sportu a reprezentace.<\/p>\n<p>Nezb\u00fdv\u00e1 n\u00e1m, ne\u017e poslat vl\u00e1d\u011b, ministerstvu a na\u0161im politik\u016fm stejn\u00e9 poselstv\u00ed jako p\u0159ed 4 roky, tentokr\u00e1t ale je\u0161t\u011b v\u00edce alarmuj\u00edc\u00ed &#8211; pokud chceme zachovat sou\u010dasnou \u00farove\u0148 sportu handicapovan\u00fdch, \u010di ji dokonce nav\u00fd\u0161it, je nezbytn\u00e1 profesionalizace na\u0161ich nej\u00fasp\u011b\u0161n\u011bj\u0161\u00edch handicapovan\u00fdch sportovc\u016f a v\u00fdrazn\u00e9 zlep\u0161en\u00ed tr\u00e9ninkov\u00fdch podm\u00ednek a z\u00e1zem\u00ed, v\u010detn\u011b profesionalizace tren\u00e9r\u016f a odborn\u00edk\u016f na sport handicapovan\u00fdch.<\/p>\n<p>Pokud se tak nestane, bude pro na\u0161e sportovce \u00fasp\u011bchem v\u016fbec se nominovat na dal\u0161\u00ed letn\u00ed paralympi\u00e1du do Tokia a na\u0161e medailov\u00e9 ambice se pon\u00ed\u017e\u00ed na minimum.<\/p>\n<p><a href=\"http:\/\/www.caths.cz\/wordpress\/wp-content\/uploads\/2016\/09\/Rio-den-1-zahajeni-10.jpg\"><img loading=\"lazy\" decoding=\"async\" class=\"alignnone size-large wp-image-23345\" src=\"http:\/\/www.caths.cz\/wordpress\/wp-content\/uploads\/2016\/09\/Rio-den-1-zahajeni-10-1024x683.jpg\" alt=\"rio-den-1-zahajeni-10\" width=\"600\" height=\"400\" srcset=\"https:\/\/www.caths.cz\/wordpress\/wp-content\/uploads\/2016\/09\/Rio-den-1-zahajeni-10-1024x683.jpg 1024w, https:\/\/www.caths.cz\/wordpress\/wp-content\/uploads\/2016\/09\/Rio-den-1-zahajeni-10-300x200.jpg 300w, https:\/\/www.caths.cz\/wordpress\/wp-content\/uploads\/2016\/09\/Rio-den-1-zahajeni-10-120x80.jpg 120w\" sizes=\"auto, (max-width: 600px) 100vw, 600px\" \/><\/a><\/p>\n","protected":false},"excerpt":{"rendered":"<a href=\"https:\/\/www.caths.cz\/wordpress\/cesi-vybojovali-7-cennych-kovu-vzhledem-k-podminkam-profesionalniho-sportu-handicapovanych-u-nas-je-to-uspech\/\"><img width=\"100\" height=\"100\" src=\"https:\/\/www.caths.cz\/wordpress\/wp-content\/uploads\/2016\/09\/Rio-den-1-zahajeni-10-100x100.jpg\" class=\"alignleft tfe wp-post-image\" alt=\"\" decoding=\"async\" loading=\"lazy\" srcset=\"https:\/\/www.caths.cz\/wordpress\/wp-content\/uploads\/2016\/09\/Rio-den-1-zahajeni-10-100x100.jpg 100w, https:\/\/www.caths.cz\/wordpress\/wp-content\/uploads\/2016\/09\/Rio-den-1-zahajeni-10-150x150.jpg 150w\" sizes=\"auto, (max-width: 100px) 100vw, 100px\" \/><\/a><p>\u010cesk\u00fd t\u00fdm veze z\u00a0Ria 7 cenn\u00fdch kov\u016f. Arno\u0161t Petr\u00e1\u010dek je paralympijsk\u00fdm v\u00edt\u011bzem, st\u0159\u00edbro si do \u010cech odv\u00e1\u017e\u00ed lukost\u0159elec David Drahoninsk\u00fd a plavkyn\u011b B\u011bla T\u0159eb\u00ednov\u00e1 a bronz z\u00edskala atletka Eva Bern\u00e1, [&hellip;]<\/p>\n","protected":false},"author":1,"featured_media":23345,"comment_status":"closed","ping_status":"closed","sticky":false,"template":"","format":"standard","meta":{"ngg_post_thumbnail":0,"footnotes":""},"categories":[24],"tags":[],"class_list":["post-23342","post","type-post","status-publish","format-standard","has-post-thumbnail","hentry","category-lph-rio-de-janeiro-2016"],"_links":{"self":[{"href":"https:\/\/www.caths.cz\/wordpress\/wp-json\/wp\/v2\/posts\/23342","targetHints":{"allow":["GET"]}}],"collection":[{"href":"https:\/\/www.caths.cz\/wordpress\/wp-json\/wp\/v2\/posts"}],"about":[{"href":"https:\/\/www.caths.cz\/wordpress\/wp-json\/wp\/v2\/types\/post"}],"author":[{"embeddable":true,"href":"https:\/\/www.caths.cz\/wordpress\/wp-json\/wp\/v2\/users\/1"}],"replies":[{"embeddable":true,"href":"https:\/\/www.caths.cz\/wordpress\/wp-json\/wp\/v2\/comments?post=23342"}],"version-history":[{"count":2,"href":"https:\/\/www.caths.cz\/wordpress\/wp-json\/wp\/v2\/posts\/23342\/revisions"}],"predecessor-version":[{"id":23346,"href":"https:\/\/www.caths.cz\/wordpress\/wp-json\/wp\/v2\/posts\/23342\/revisions\/23346"}],"wp:featuredmedia":[{"embeddable":true,"href":"https:\/\/www.caths.cz\/wordpress\/wp-json\/wp\/v2\/media\/23345"}],"wp:attachment":[{"href":"https:\/\/www.caths.cz\/wordpress\/wp-json\/wp\/v2\/media?parent=23342"}],"wp:term":[{"taxonomy":"category","embeddable":true,"href":"https:\/\/www.caths.cz\/wordpress\/wp-json\/wp\/v2\/categories?post=23342"},{"taxonomy":"post_tag","embeddable":true,"href":"https:\/\/www.caths.cz\/wordpress\/wp-json\/wp\/v2\/tags?post=23342"}],"curies":[{"name":"wp","href":"https:\/\/api.w.org\/{rel}","templated":true}]}}