{"id":23340,"date":"2016-09-18T11:31:25","date_gmt":"2016-09-18T10:31:25","guid":{"rendered":"http:\/\/www.caths.cz\/wordpress\/?p=23340"},"modified":"2016-09-18T11:31:25","modified_gmt":"2016-09-18T10:31:25","slug":"silnicni-paralympijsky-zavod-zastinila-smrt-iranskeho-zavodnika","status":"publish","type":"post","link":"https:\/\/www.caths.cz\/wordpress\/silnicni-paralympijsky-zavod-zastinila-smrt-iranskeho-zavodnika\/","title":{"rendered":"Silni\u010dn\u00ed paralympijsk\u00fd z\u00e1vod zast\u00ednila smrt ir\u00e1nsk\u00e9ho z\u00e1vodn\u00edka"},"content":{"rendered":"<p>Velmi smutn\u00fd sc\u00e9n\u00e1\u0159 m\u011bl silni\u010dn\u00ed z\u00e1vod kategori\u00ed C4 a C5 na paralympijsk\u00fdch hr\u00e1ch v Riu. Na okruhu, kter\u00fd a\u017e na z\u00e1v\u011bre\u010dn\u00e9 stoup\u00e1n\u00ed, byl toto\u017en\u00fd s okruhem olympijsk\u00e9ho z\u00e1vodu, po t\u011b\u017ek\u00e9m p\u00e1du v \u00favodn\u00edm sjezdu sekce\u00a0Grumari loop a n\u00e1sledn\u00e9m infarktu po p\u0159evozu do nemocnice zem\u0159el ir\u00e1nsk\u00fd jezdec Bahman Golbarnezhad.<br \/>\nZ\u00e1vod, na okruhu, kter\u00fd olympionici i paralympionici ozna\u010dili za jeden z v\u016fbec nejt\u011b\u017e\u0161\u00edch a nejn\u00e1ro\u010dn\u011bj\u0161\u00edch v historii her do\u0161lo k mnoha koliz\u00edm a p\u00e1d\u016fm, v\u010detn\u011b dal\u0161\u00edho dramatick\u00e9ho p\u00e1du p\u0159i dojezdu z\u00e1vodn\u00edk\u016f bojuj\u00edc\u00edch o paralympijsk\u00e9 zlato.<br \/>\nVideo dojezdu z\u00e1vodu <a href=\"https:\/\/www.facebook.com\/alistair.donohoe\/videos\/10154651396622249\/\">ZDE<\/a><br \/>\nJi\u0159\u00ed Bou\u0161ka byl klasifikov\u00e1n na 11. m\u00edst\u011b, Ji\u0159\u00ed Je\u017eek 13. a Tom\u00e1\u0161 Kajnar 15.<\/p>\n<p>&nbsp;<\/p>\n","protected":false},"excerpt":{"rendered":"<a href=\"https:\/\/www.caths.cz\/wordpress\/silnicni-paralympijsky-zavod-zastinila-smrt-iranskeho-zavodnika\/\"><img width=\"100\" height=\"100\" src=\"https:\/\/www.caths.cz\/wordpress\/wp-content\/uploads\/2016\/08\/Rio_LPH-logo2-100x100.jpg\" class=\"alignleft tfe wp-post-image\" alt=\"\" decoding=\"async\" loading=\"lazy\" srcset=\"https:\/\/www.caths.cz\/wordpress\/wp-content\/uploads\/2016\/08\/Rio_LPH-logo2-100x100.jpg 100w, https:\/\/www.caths.cz\/wordpress\/wp-content\/uploads\/2016\/08\/Rio_LPH-logo2-150x150.jpg 150w\" sizes=\"auto, (max-width: 100px) 100vw, 100px\" \/><\/a><p>Velmi smutn\u00fd sc\u00e9n\u00e1\u0159 m\u011bl silni\u010dn\u00ed z\u00e1vod kategori\u00ed C4 a C5 na paralympijsk\u00fdch hr\u00e1ch v Riu. Na okruhu, kter\u00fd a\u017e na z\u00e1v\u011bre\u010dn\u00e9 stoup\u00e1n\u00ed, byl toto\u017en\u00fd s okruhem olympijsk\u00e9ho z\u00e1vodu, po t\u011b\u017ek\u00e9m [&hellip;]<\/p>\n","protected":false},"author":1,"featured_media":23153,"comment_status":"closed","ping_status":"closed","sticky":false,"template":"","format":"standard","meta":{"ngg_post_thumbnail":0,"footnotes":""},"categories":[24],"tags":[],"class_list":["post-23340","post","type-post","status-publish","format-standard","has-post-thumbnail","hentry","category-lph-rio-de-janeiro-2016"],"_links":{"self":[{"href":"https:\/\/www.caths.cz\/wordpress\/wp-json\/wp\/v2\/posts\/23340","targetHints":{"allow":["GET"]}}],"collection":[{"href":"https:\/\/www.caths.cz\/wordpress\/wp-json\/wp\/v2\/posts"}],"about":[{"href":"https:\/\/www.caths.cz\/wordpress\/wp-json\/wp\/v2\/types\/post"}],"author":[{"embeddable":true,"href":"https:\/\/www.caths.cz\/wordpress\/wp-json\/wp\/v2\/users\/1"}],"replies":[{"embeddable":true,"href":"https:\/\/www.caths.cz\/wordpress\/wp-json\/wp\/v2\/comments?post=23340"}],"version-history":[{"count":1,"href":"https:\/\/www.caths.cz\/wordpress\/wp-json\/wp\/v2\/posts\/23340\/revisions"}],"predecessor-version":[{"id":23341,"href":"https:\/\/www.caths.cz\/wordpress\/wp-json\/wp\/v2\/posts\/23340\/revisions\/23341"}],"wp:featuredmedia":[{"embeddable":true,"href":"https:\/\/www.caths.cz\/wordpress\/wp-json\/wp\/v2\/media\/23153"}],"wp:attachment":[{"href":"https:\/\/www.caths.cz\/wordpress\/wp-json\/wp\/v2\/media?parent=23340"}],"wp:term":[{"taxonomy":"category","embeddable":true,"href":"https:\/\/www.caths.cz\/wordpress\/wp-json\/wp\/v2\/categories?post=23340"},{"taxonomy":"post_tag","embeddable":true,"href":"https:\/\/www.caths.cz\/wordpress\/wp-json\/wp\/v2\/tags?post=23340"}],"curies":[{"name":"wp","href":"https:\/\/api.w.org\/{rel}","templated":true}]}}