{"id":23314,"date":"2016-09-15T04:12:10","date_gmt":"2016-09-15T03:12:10","guid":{"rendered":"http:\/\/www.caths.cz\/wordpress\/?p=23314"},"modified":"2016-09-15T04:12:21","modified_gmt":"2016-09-15T03:12:21","slug":"ivo-koblasa-paty-v-silnicni-casovce","status":"publish","type":"post","link":"https:\/\/www.caths.cz\/wordpress\/ivo-koblasa-paty-v-silnicni-casovce\/","title":{"rendered":"Ivo Koblasa p\u00e1t\u00fd v silni\u010dn\u00ed \u010dasovce!"},"content":{"rendered":"<p>St\u0159eda byla na paralympijsk\u00fdch hr\u00e1ch v\u00a0Riu vyhrazen\u00e1 pro silni\u010dn\u00ed \u010dasovku jednotliv\u00fdch kategori\u00ed handicapovan\u00fdch cyklist\u016f.<br \/>\nZ\u00a0na\u0161ich jezdc\u016f se nejl\u00e9pe um\u00edstil mlad\u00ed\u010dek Ivo Koblasa, kter\u00fd dokon\u010dil v\u011btrn\u00fd z\u00e1vod na p\u00e1t\u00e9m m\u00edst\u011b.<\/p>\n<p>Tricyklista Ji\u0159\u00ed Hindr obsadil \u0161est\u00e9 m\u00edsto, Tereza Diepoldov\u00e1 osm\u00e9, stejn\u011b jako Tom\u00e1\u0161 Kajnar.<\/p>\n<p>Obh\u00e1jci paralympijsk\u00e9ho zlata Ji\u0159\u00edmu Je\u017ekovi pat\u0159\u00ed 9. p\u0159\u00ed\u010dka a Ji\u0159\u00edmu Bou\u0161kovi pozice 10.<br \/>\nPr\u016fb\u011bh z\u00e1vodu kategorie C4 byl nesm\u00edrn\u011b vyrovnan\u00fd, Ji\u0159\u00edho Je\u017eka od \u010dtvrt\u00e9 pozice d\u011blilo pouze 40 sekund.<\/p>\n<p>Handbikerka Kate\u0159ina Anto\u0161ov\u00e1 ve sv\u00e9 paralympijsk\u00e9 premi\u00e9\u0159e obsadila 9. m\u00edsto.<\/p>\n<p>Zaj\u00edmavost\u00ed je, \u017ee v\u00a0kategorii C4 mu\u017e\u016f vybojoval Slov\u00e1k Josef Metelka zlato a bronz pat\u0159\u00ed jeho reprezenta\u010dn\u00edmu kolegovi Patrikovi Kurilovi.<\/p>\n<p>Slovensk\u00e1 dvojice tak na pomysln\u00e9m paralympijsk\u00e9m tr\u016fnu vyst\u0159\u00eddala na\u0161e cyklisty Ji\u0159\u00edho Je\u017eka a Ji\u0159\u00edho Bou\u0161ku, kter\u00fdm se tento husarsk\u00fd kousek povedl v\u00a0Lond\u00fdn\u011b 2012.<\/p>\n<p><a href=\"http:\/\/www.caths.cz\/wordpress\/wp-content\/uploads\/2016\/09\/010.jpg\"><img loading=\"lazy\" decoding=\"async\" class=\"alignnone size-large wp-image-23315\" src=\"http:\/\/www.caths.cz\/wordpress\/wp-content\/uploads\/2016\/09\/010-683x1024.jpg\" alt=\"010\" width=\"600\" height=\"900\" srcset=\"https:\/\/www.caths.cz\/wordpress\/wp-content\/uploads\/2016\/09\/010-683x1024.jpg 683w, https:\/\/www.caths.cz\/wordpress\/wp-content\/uploads\/2016\/09\/010-200x300.jpg 200w, https:\/\/www.caths.cz\/wordpress\/wp-content\/uploads\/2016\/09\/010-80x120.jpg 80w\" sizes=\"auto, (max-width: 600px) 100vw, 600px\" \/><\/a><\/p>\n<p>&nbsp;<\/p>\n<p>&nbsp;<\/p>\n","protected":false},"excerpt":{"rendered":"<a href=\"https:\/\/www.caths.cz\/wordpress\/ivo-koblasa-paty-v-silnicni-casovce\/\"><img width=\"100\" height=\"100\" src=\"https:\/\/www.caths.cz\/wordpress\/wp-content\/uploads\/2016\/09\/010-100x100.jpg\" class=\"alignleft tfe wp-post-image\" alt=\"\" decoding=\"async\" loading=\"lazy\" srcset=\"https:\/\/www.caths.cz\/wordpress\/wp-content\/uploads\/2016\/09\/010-100x100.jpg 100w, https:\/\/www.caths.cz\/wordpress\/wp-content\/uploads\/2016\/09\/010-150x150.jpg 150w\" sizes=\"auto, (max-width: 100px) 100vw, 100px\" \/><\/a><p>St\u0159eda byla na paralympijsk\u00fdch hr\u00e1ch v\u00a0Riu vyhrazen\u00e1 pro silni\u010dn\u00ed \u010dasovku jednotliv\u00fdch kategori\u00ed handicapovan\u00fdch cyklist\u016f. Z\u00a0na\u0161ich jezdc\u016f se nejl\u00e9pe um\u00edstil mlad\u00ed\u010dek Ivo Koblasa, kter\u00fd dokon\u010dil v\u011btrn\u00fd z\u00e1vod na p\u00e1t\u00e9m m\u00edst\u011b. Tricyklista [&hellip;]<\/p>\n","protected":false},"author":1,"featured_media":23315,"comment_status":"closed","ping_status":"closed","sticky":false,"template":"","format":"standard","meta":{"ngg_post_thumbnail":0,"footnotes":""},"categories":[24],"tags":[],"class_list":["post-23314","post","type-post","status-publish","format-standard","has-post-thumbnail","hentry","category-lph-rio-de-janeiro-2016"],"_links":{"self":[{"href":"https:\/\/www.caths.cz\/wordpress\/wp-json\/wp\/v2\/posts\/23314","targetHints":{"allow":["GET"]}}],"collection":[{"href":"https:\/\/www.caths.cz\/wordpress\/wp-json\/wp\/v2\/posts"}],"about":[{"href":"https:\/\/www.caths.cz\/wordpress\/wp-json\/wp\/v2\/types\/post"}],"author":[{"embeddable":true,"href":"https:\/\/www.caths.cz\/wordpress\/wp-json\/wp\/v2\/users\/1"}],"replies":[{"embeddable":true,"href":"https:\/\/www.caths.cz\/wordpress\/wp-json\/wp\/v2\/comments?post=23314"}],"version-history":[{"count":1,"href":"https:\/\/www.caths.cz\/wordpress\/wp-json\/wp\/v2\/posts\/23314\/revisions"}],"predecessor-version":[{"id":23316,"href":"https:\/\/www.caths.cz\/wordpress\/wp-json\/wp\/v2\/posts\/23314\/revisions\/23316"}],"wp:featuredmedia":[{"embeddable":true,"href":"https:\/\/www.caths.cz\/wordpress\/wp-json\/wp\/v2\/media\/23315"}],"wp:attachment":[{"href":"https:\/\/www.caths.cz\/wordpress\/wp-json\/wp\/v2\/media?parent=23314"}],"wp:term":[{"taxonomy":"category","embeddable":true,"href":"https:\/\/www.caths.cz\/wordpress\/wp-json\/wp\/v2\/categories?post=23314"},{"taxonomy":"post_tag","embeddable":true,"href":"https:\/\/www.caths.cz\/wordpress\/wp-json\/wp\/v2\/tags?post=23314"}],"curies":[{"name":"wp","href":"https:\/\/api.w.org\/{rel}","templated":true}]}}