{"id":2293,"date":"2012-07-31T21:56:08","date_gmt":"2012-07-31T20:56:08","guid":{"rendered":"http:\/\/www.caths.cz\/wordpress\/?p=2293"},"modified":"2012-07-31T21:56:08","modified_gmt":"2012-07-31T20:56:08","slug":"modni-prehlidku-nastupoveho-obleceni-pro-oh-a-lph-ovladly-dve-zeme-usa-a-francie","status":"publish","type":"post","link":"https:\/\/www.caths.cz\/wordpress\/modni-prehlidku-nastupoveho-obleceni-pro-oh-a-lph-ovladly-dve-zeme-usa-a-francie\/","title":{"rendered":"M\u00f3dn\u00ed p\u0159ehl\u00eddku n\u00e1stupov\u00e9ho oble\u010den\u00ed pro OH a LPH ovl\u00e1dly dv\u011b zem\u011b \u2013 USA a Francie"},"content":{"rendered":"<p align=\"justify\">Pomyslnou sout\u011b\u017e (nejenom na\u0161\u00ed redakce), kter\u00e1 v\u00fdprava bude m\u00edt nejhez\u010d\u00ed n\u00e1stupov\u00e9 oble\u010den\u00ed pro olympijsk\u00e9 a paralympijsk\u00e9 hry v Lond\u00fdn\u011b, bezkonkuren\u010dn\u011b ovl\u00e1dly reprezentace USA a Francie.\n<\/p>\n<p align=\"justify\">Dokonce i kreativn\u00ed a kriti\u010dt\u00ed novin\u00e1\u0159i a fotografov\u00e9 m\u00f3dn\u00edch \u010dasopis\u016f a server\u016f se netaj\u00ed n\u00e1zorem, \u017ee kolekce t\u011bchto dvou zem\u00ed m\u00e1 opravdu \u0161mrc.<br \/> Na\u0161e v\u00fdprava minim\u00e1ln\u011b p\u0159ekvapila sv\u011bt holinkami a Slovensko zase p\u00e9rem za kloboukem.<\/p>\n<p> Pokud si chcete sestavit sv\u016fj vlastn\u00ed \u017eeb\u0159\u00ed\u010dek n\u00e1stupov\u00fdch kolekc\u00ed, pod\u00edvejte se <a href=\"http:\/\/www.caths.cz\/storage\/sekretarky\/londyn\/kolekce.pdf\" target=\"_blank\"> zde<\/a><\/p>\n<p> <img decoding=\"async\" src=\"storage\/sekretarky\/londyn\/holinky.png\"><\/p>\n","protected":false},"excerpt":{"rendered":"<a href=\"https:\/\/www.caths.cz\/wordpress\/modni-prehlidku-nastupoveho-obleceni-pro-oh-a-lph-ovladly-dve-zeme-usa-a-francie\/\"><img loading=\"lazy\" decoding=\"async\" width=\"100\" height=\"100\" src=\"https:\/\/www.caths.cz\/wordpress\/wp-content\/plugins\/thumbnail-for-excerpts\/tfe_no_thumb.png\" class=\"alignleft wp-post-image tfe\" alt=\"\" title=\"\" \/><\/a><p>Pomyslnou sout\u011b\u017e (nejenom na\u0161\u00ed redakce), kter\u00e1 v\u00fdprava bude m\u00edt nejhez\u010d\u00ed n\u00e1stupov\u00e9 oble\u010den\u00ed pro olympijsk\u00e9 a paralympijsk\u00e9 hry v Lond\u00fdn\u011b, bezkonkuren\u010dn\u011b ovl\u00e1dly reprezentace USA a Francie. Dokonce i kreativn\u00ed a kriti\u010dt\u00ed [&hellip;]<\/p>\n","protected":false},"author":1,"featured_media":0,"comment_status":"closed","ping_status":"closed","sticky":false,"template":"","format":"standard","meta":{"ngg_post_thumbnail":0,"footnotes":""},"categories":[41],"tags":[],"class_list":["post-2293","post","type-post","status-publish","format-standard","hentry","category-lph-londyn-2012"],"_links":{"self":[{"href":"https:\/\/www.caths.cz\/wordpress\/wp-json\/wp\/v2\/posts\/2293","targetHints":{"allow":["GET"]}}],"collection":[{"href":"https:\/\/www.caths.cz\/wordpress\/wp-json\/wp\/v2\/posts"}],"about":[{"href":"https:\/\/www.caths.cz\/wordpress\/wp-json\/wp\/v2\/types\/post"}],"author":[{"embeddable":true,"href":"https:\/\/www.caths.cz\/wordpress\/wp-json\/wp\/v2\/users\/1"}],"replies":[{"embeddable":true,"href":"https:\/\/www.caths.cz\/wordpress\/wp-json\/wp\/v2\/comments?post=2293"}],"version-history":[{"count":0,"href":"https:\/\/www.caths.cz\/wordpress\/wp-json\/wp\/v2\/posts\/2293\/revisions"}],"wp:attachment":[{"href":"https:\/\/www.caths.cz\/wordpress\/wp-json\/wp\/v2\/media?parent=2293"}],"wp:term":[{"taxonomy":"category","embeddable":true,"href":"https:\/\/www.caths.cz\/wordpress\/wp-json\/wp\/v2\/categories?post=2293"},{"taxonomy":"post_tag","embeddable":true,"href":"https:\/\/www.caths.cz\/wordpress\/wp-json\/wp\/v2\/tags?post=2293"}],"curies":[{"name":"wp","href":"https:\/\/api.w.org\/{rel}","templated":true}]}}