{"id":2291,"date":"2012-07-26T14:11:40","date_gmt":"2012-07-26T13:11:40","guid":{"rendered":"http:\/\/www.caths.cz\/wordpress\/?p=2291"},"modified":"2012-07-26T14:11:40","modified_gmt":"2012-07-26T13:11:40","slug":"cesky-paralympijsky-tym-zna-svou-definitivni-sestavu","status":"publish","type":"post","link":"https:\/\/www.caths.cz\/wordpress\/cesky-paralympijsky-tym-zna-svou-definitivni-sestavu\/","title":{"rendered":"\u010cesk\u00fd paralympijsk\u00fd t\u00fdm zn\u00e1 svou definitivn\u00ed sestavu"},"content":{"rendered":"<p align=\"justify\">\nNa letn\u00edch paralympijsk\u00fdch hr\u00e1ch v Lond\u00fdn\u011b bude \u010ceskou republiku reprezentovat 45 sportovc\u016f, kter\u00e9 dopln\u00ed 23 \u010dlen\u016f realiza\u010dn\u00edho t\u00fdmu a 6 \u010dlen\u016f veden\u00ed v\u00fdpravy. Oproti LPH v Pekingu m\u00e1 sestava \u010desk\u00e9ho t\u00fdmu o n\u011bkolik m\u00edst m\u00e9n\u011b, ale doufejme, \u017ee se na\u0161im sportovc\u016fm poda\u0159\u00ed vybojovat nem\u00e9n\u011b \u00fasp\u011bch\u016f jako na posledn\u00edch paralympijsk\u00fdch hr\u00e1ch.<\/p>\n<p align=\"justify\"> \u010ceskou republiku budou reprezentovat sportovci v \u0161esti druz\u00edch sport\u016f \u2013 atletice, boccie, cyklistice, lukost\u0159elb\u011b, plav\u00e1n\u00ed a stoln\u00edm tenise. Nejnabit\u011bj\u0161\u00ed program budou jako tradi\u010dn\u011b m\u00edt cyklist\u00e9, kte\u0159\u00ed se ve v\u011bt\u0161in\u011b z\u00fa\u010dastn\u00ed jak \u010d\u00e1sti dr\u00e1hov\u00e9 cyklistiky, tak \u010d\u00e1sti silni\u010dn\u00ed. Nem\u00e9n\u011b pestr\u00fd program, co do po\u010dtu discipl\u00edn, bude absolvovat t\u00fdm plavc\u016f. Atletika \u010cR m\u00e1 bohu\u017eel na leto\u0161n\u00edch hr\u00e1ch v\u00fdrazn\u011b men\u0161\u00ed t\u00fdm, ale na jeho kvalit\u011b to nikterak neubralo. Lukost\u0159eleck\u00fd t\u00fdm se oproti jin\u00fdm sport\u016fm rozrostl o t\u0159i sportovce, co\u017e d\u00e1v\u00e1 nad\u011bji p\u0159edev\u0161\u00edm v sout\u011b\u017e\u00edch dru\u017estev. Ve stoln\u00edm tenise budou reprezentovat \u010cR pouze mu\u017ei. Bohu\u017eel \u017eensk\u00fd t\u00fdm se po odchodu M\u00ed\u0161i de La Bourdonaye nepoda\u0159ilo obnovit. Na druhou stranu se t\u00fdm rozrostl o t\u0159i mu\u017ee v kategorii sed\u00edc\u00edch. <\/p>\n<p> Jednotliv\u00e9 t\u00fdmy a programy sport\u016f budeme p\u0159edstavovat v dal\u0161\u00edch \u010dl\u00e1nc\u00edch. Nyn\u00ed si p\u0159edstavme schv\u00e1len\u00e9 nominace cel\u00e9ho \u010cesk\u00e9ho paralympijsk\u00e9ho t\u00fdmu: <\/p>\n<div align=\"center\"> <center> <\/p>\n<table border=\"0\" cellpadding=\"0\" cellspacing=\"0\" width=\"496\" bordercolor=\"#CCCCCC\" height=\"30\">\n<tr>\n<td width=\"496\" align=\"center\" bgcolor=\"#666666\" height=\"1\"><b><font face=\"Trebuchet MS\" size=\"2\" color=\"#FFFFFF\">ATLETIKA<\/font><\/b><\/td>\n<\/tr>\n<tr>\n<td width=\"496\" align=\"center\" height=\"23\" bgcolor=\"#F4F4F4\"><font color=\"#333333\" face=\"Trebuchet MS\" size=\"2\">Radim B\u011ble\u0161, Ale\u0161 Kis\u00fd, Martin Zvol\u00e1nek, Jan Van\u011bk, Martin N\u011bmec, Rostislav Pohlmann, Eva Kacanu, Franti\u0161ek Serbus, Patrik Wurm, Du\u0161an Gr\u00e9zl, Eva Bern\u00e1, Daniela Vr\u00e1tilov\u00e1, Veronika Skuhrovsk\u00e1, Miroslava Sedl\u00e1\u010dkov\u00e1<\/font><\/td>\n<\/tr>\n<tr>\n<td width=\"496\" align=\"center\" bgcolor=\"#666666\" height=\"1\"><b><font face=\"Trebuchet MS\" size=\"2\" color=\"#FFFFFF\">BOCCIA<\/font><\/b><\/td>\n<\/tr>\n<tr>\n<td width=\"496\" align=\"center\" height=\"23\" bgcolor=\"#F4F4F4\"><font color=\"#333333\" face=\"Trebuchet MS\" size=\"2\">Leo\u0161 Lacina, Radek Proch\u00e1zka, Franti\u0161ek Serbus<\/font><\/td>\n<\/tr>\n<tr>\n<td width=\"496\" align=\"center\" bgcolor=\"#666666\" height=\"1\"><b><font face=\"Trebuchet MS\" size=\"2\" color=\"#FFFFFF\">CYKLISTIKA<\/font><\/b><\/td>\n<\/tr>\n<tr>\n<td width=\"496\" align=\"center\" height=\"23\" bgcolor=\"#F4F4F4\"><font color=\"#333333\" face=\"Trebuchet MS\" size=\"2\">Ji\u0159\u00ed Je\u017eek, Michal Stark, Tereza Diepoldov\u00e1, Ji\u0159\u00ed Bou\u0161ka, David Vondr\u00e1\u010dek, Ivo Koblasa, Lenka Kadetov\u00e1, Martin Kov\u00e1\u0159<\/font><\/td>\n<\/tr>\n<tr>\n<td width=\"496\" align=\"center\" bgcolor=\"#666666\" height=\"1\"><b><font face=\"Trebuchet MS\" size=\"2\" color=\"#FFFFFF\">LUKOST\u0158ELBA<\/font><\/b><\/td>\n<\/tr>\n<tr>\n<td width=\"496\" align=\"center\" height=\"23\" bgcolor=\"#F4F4F4\"><font color=\"#333333\" face=\"Trebuchet MS\" size=\"2\">Leo\u0161 Barto\u0161, Petr Barto\u0161, Ji\u0159\u00ed Klich, Jaroslav Zelenka, Lenka Kuncov\u00e1, Mirka \u010cern\u00e1, David Drahon\u00ednsk\u00fd, Mark\u00e9ta Sidkov\u00e1<\/font><\/td>\n<\/tr>\n<tr>\n<td width=\"496\" align=\"center\" bgcolor=\"#666666\" height=\"1\"><b><font face=\"Trebuchet MS\" size=\"2\" color=\"#FFFFFF\">PLAV\u00c1N\u00cd<\/font><\/b><\/td>\n<\/tr>\n<tr>\n<td width=\"496\" align=\"center\" height=\"23\" bgcolor=\"#F4F4F4\"><font color=\"#333333\" face=\"Trebuchet MS\" size=\"2\">Kate\u0159ina Kom\u00e1rkov\u00e1, Arno\u0161t Petr\u00e1\u010dek, Jan Pov\u00fd\u0161il, Filip Coufal, Lenka Zahradn\u00edkov\u00e1, Nicole Fry\u010dov\u00e1, Ad\u00e9la Mikov\u00e1<\/font><\/td>\n<\/tr>\n<tr>\n<td width=\"496\" align=\"center\" bgcolor=\"#666666\" height=\"1\"><b><font face=\"Trebuchet MS\" size=\"2\" color=\"#FFFFFF\">STOLN\u00cd TENIS<\/font><\/b><\/td>\n<\/tr>\n<tr>\n<td width=\"496\" align=\"center\" height=\"23\" bgcolor=\"#F4F4F4\"><font color=\"#333333\" face=\"Trebuchet MS\" size=\"2\">Ji\u0159\u00ed Such\u00e1nek, Jaroslav Hadrava, Ivan Karabec, Ren\u00e9 Tau\u0161, Zbyn\u011bk Lambert, Daniel Horut <\/font><\/td>\n<\/tr>\n<\/table>\n<p> <\/center> <\/div>\n","protected":false},"excerpt":{"rendered":"<a href=\"https:\/\/www.caths.cz\/wordpress\/cesky-paralympijsky-tym-zna-svou-definitivni-sestavu\/\"><img loading=\"lazy\" decoding=\"async\" width=\"100\" height=\"100\" src=\"https:\/\/www.caths.cz\/wordpress\/wp-content\/plugins\/thumbnail-for-excerpts\/tfe_no_thumb.png\" class=\"alignleft wp-post-image tfe\" alt=\"\" title=\"\" \/><\/a><p>Na letn\u00edch paralympijsk\u00fdch hr\u00e1ch v Lond\u00fdn\u011b bude \u010ceskou republiku reprezentovat 45 sportovc\u016f, kter\u00e9 dopln\u00ed 23 \u010dlen\u016f realiza\u010dn\u00edho t\u00fdmu a 6 \u010dlen\u016f veden\u00ed v\u00fdpravy. Oproti LPH v Pekingu m\u00e1 sestava \u010desk\u00e9ho [&hellip;]<\/p>\n","protected":false},"author":1,"featured_media":0,"comment_status":"closed","ping_status":"closed","sticky":false,"template":"","format":"standard","meta":{"ngg_post_thumbnail":0,"footnotes":""},"categories":[41],"tags":[],"class_list":["post-2291","post","type-post","status-publish","format-standard","hentry","category-lph-londyn-2012"],"_links":{"self":[{"href":"https:\/\/www.caths.cz\/wordpress\/wp-json\/wp\/v2\/posts\/2291","targetHints":{"allow":["GET"]}}],"collection":[{"href":"https:\/\/www.caths.cz\/wordpress\/wp-json\/wp\/v2\/posts"}],"about":[{"href":"https:\/\/www.caths.cz\/wordpress\/wp-json\/wp\/v2\/types\/post"}],"author":[{"embeddable":true,"href":"https:\/\/www.caths.cz\/wordpress\/wp-json\/wp\/v2\/users\/1"}],"replies":[{"embeddable":true,"href":"https:\/\/www.caths.cz\/wordpress\/wp-json\/wp\/v2\/comments?post=2291"}],"version-history":[{"count":0,"href":"https:\/\/www.caths.cz\/wordpress\/wp-json\/wp\/v2\/posts\/2291\/revisions"}],"wp:attachment":[{"href":"https:\/\/www.caths.cz\/wordpress\/wp-json\/wp\/v2\/media?parent=2291"}],"wp:term":[{"taxonomy":"category","embeddable":true,"href":"https:\/\/www.caths.cz\/wordpress\/wp-json\/wp\/v2\/categories?post=2291"},{"taxonomy":"post_tag","embeddable":true,"href":"https:\/\/www.caths.cz\/wordpress\/wp-json\/wp\/v2\/tags?post=2291"}],"curies":[{"name":"wp","href":"https:\/\/api.w.org\/{rel}","templated":true}]}}