{"id":2290,"date":"2012-07-25T09:20:04","date_gmt":"2012-07-25T08:20:04","guid":{"rendered":"http:\/\/www.caths.cz\/wordpress\/?p=2290"},"modified":"2012-07-25T09:20:04","modified_gmt":"2012-07-25T08:20:04","slug":"mistrovstvi-sveta-junioru-2012-v-atletice-v-olomouci","status":"publish","type":"post","link":"https:\/\/www.caths.cz\/wordpress\/mistrovstvi-sveta-junioru-2012-v-atletice-v-olomouci\/","title":{"rendered":"Mistrovstv\u00ed sv\u011bta junior\u016f 2012 v atletice v Olomouci"},"content":{"rendered":"<p align=\"justify\">\nVe dnech od 18. \u2013 21. 7. 2012 prob\u011bhlo v moravsk\u00e9 metropoli Olomouci MS IWAS junior\u016f v atletice. \u010cty\u0159i \u010deskobud\u011bjovi\u010dt\u00ed junio\u0159i, kte\u0159\u00ed  reprezentovali \u010cATHS, z\u00edskali celkem 5 medail\u00ed. <\/p>\n<p align=\"justify\"> O dv\u011b bronzov\u00e9 medaile se postaral Martin Kukla (kat. F37) v hodu o\u0161t\u011bpem \u2013 37,54 m a ve vrhu koul\u00ed 7,71 m. Radek Ben\u00fd\u0161ek (kat. F32) z\u00edskal v hodu ku\u017eelkou st\u0159\u00edbrnou medaili \u2013 14,40 m. Nejmlad\u0161\u00edm chlapcem byl \u010dtrn\u00e1ctilet\u00fd Mat\u011bj Havel (kat. F32), jen\u017e v hodu ku\u017eelkou za v\u00fdkon 10,74 m obsadil t\u0159et\u00ed m\u00edsto. Posledn\u00ed bronzovou medaili p\u0159ed ukon\u010den\u00edm mistrovstv\u00ed vybojoval Jakub Nov\u00e1k (kat. F34) v hodu diskem \u2013 20,22 m.<br \/> Podle slov tren\u00e9ra Ji\u0159\u00edho Sm\u00e9kala bylo toto MS velmi vyda\u0159en\u00e9 a po\u0159adatelsky na vysok\u00e9 \u00farovni. Tato \u00fa\u010dast na\u0161ich mlad\u00fdch sportovc\u016f m\u011bla velk\u00fd p\u0159\u00ednos pro jejich v\u00fdkonnostn\u00ed r\u016fst a je velice d\u016fle\u017eitou motivac\u00ed do dal\u0161\u00ed pravideln\u00e9 sportovn\u00ed p\u0159\u00edpravy v TJ 1.Centru zdravotn\u011b posti\u017een\u00fdch J\u010c. <\/p>\n<p> <img decoding=\"async\" src=\"\/wordpress\/image\/k_clankum\/juniori_cb.jpg\"> <br \/> Foto z vyhl\u00e1\u0161en\u00ed hodu ku\u017eelkou: 2.m\u00edsto Radek Ben\u00fd\u0161ek (CZE), 1.m\u00edsto Alharthi Zeyad (UAE), 3.m\u00edsto Mat\u011bj Havel (CZE)<\/p>\n","protected":false},"excerpt":{"rendered":"<a href=\"https:\/\/www.caths.cz\/wordpress\/mistrovstvi-sveta-junioru-2012-v-atletice-v-olomouci\/\"><img loading=\"lazy\" decoding=\"async\" width=\"100\" height=\"100\" src=\"https:\/\/www.caths.cz\/wordpress\/wp-content\/plugins\/thumbnail-for-excerpts\/tfe_no_thumb.png\" class=\"alignleft wp-post-image tfe\" alt=\"\" title=\"\" \/><\/a><p>Ve dnech od 18. \u2013 21. 7. 2012 prob\u011bhlo v moravsk\u00e9 metropoli Olomouci MS IWAS junior\u016f v atletice. \u010cty\u0159i \u010deskobud\u011bjovi\u010dt\u00ed junio\u0159i, kte\u0159\u00ed reprezentovali \u010cATHS, z\u00edskali celkem 5 medail\u00ed. O dv\u011b [&hellip;]<\/p>\n","protected":false},"author":1,"featured_media":0,"comment_status":"closed","ping_status":"closed","sticky":false,"template":"","format":"standard","meta":{"ngg_post_thumbnail":0,"footnotes":""},"categories":[5],"tags":[],"class_list":["post-2290","post","type-post","status-publish","format-standard","hentry","category-atletika"],"_links":{"self":[{"href":"https:\/\/www.caths.cz\/wordpress\/wp-json\/wp\/v2\/posts\/2290","targetHints":{"allow":["GET"]}}],"collection":[{"href":"https:\/\/www.caths.cz\/wordpress\/wp-json\/wp\/v2\/posts"}],"about":[{"href":"https:\/\/www.caths.cz\/wordpress\/wp-json\/wp\/v2\/types\/post"}],"author":[{"embeddable":true,"href":"https:\/\/www.caths.cz\/wordpress\/wp-json\/wp\/v2\/users\/1"}],"replies":[{"embeddable":true,"href":"https:\/\/www.caths.cz\/wordpress\/wp-json\/wp\/v2\/comments?post=2290"}],"version-history":[{"count":0,"href":"https:\/\/www.caths.cz\/wordpress\/wp-json\/wp\/v2\/posts\/2290\/revisions"}],"wp:attachment":[{"href":"https:\/\/www.caths.cz\/wordpress\/wp-json\/wp\/v2\/media?parent=2290"}],"wp:term":[{"taxonomy":"category","embeddable":true,"href":"https:\/\/www.caths.cz\/wordpress\/wp-json\/wp\/v2\/categories?post=2290"},{"taxonomy":"post_tag","embeddable":true,"href":"https:\/\/www.caths.cz\/wordpress\/wp-json\/wp\/v2\/tags?post=2290"}],"curies":[{"name":"wp","href":"https:\/\/api.w.org\/{rel}","templated":true}]}}