{"id":2289,"date":"2012-07-24T07:47:49","date_gmt":"2012-07-24T06:47:49","guid":{"rendered":"http:\/\/www.caths.cz\/wordpress\/?p=2289"},"modified":"2012-07-24T07:47:49","modified_gmt":"2012-07-24T06:47:49","slug":"tomas-kajnar-vyhral-evropsky-pohar-v-holzkirchenu","status":"publish","type":"post","link":"https:\/\/www.caths.cz\/wordpress\/tomas-kajnar-vyhral-evropsky-pohar-v-holzkirchenu\/","title":{"rendered":"Tom\u00e1\u0161 Kajnar vyhr\u00e1l Evropsk\u00fd poh\u00e1r v Holzkirchenu"},"content":{"rendered":"<p align=\"justify\">\nVynikaj\u00edc\u00ed \u00fasp\u011bch se poda\u0159il Tom\u00e1\u0161ovi Kajnarovi z t\u00fdmu Nutrend Specialized Cycling, kter\u00fd dok\u00e1zal zv\u00edt\u011bzit v silni\u010dn\u00edm z\u00e1vod\u011b Evropsk\u00e9ho poh\u00e1ru v Holzkirchenu a v \u010dasovce vybojoval druh\u00e9 m\u00edsto.<\/p>\n<p>Velmi dob\u0159e si vedl tak\u00e9 handbiker Jan Tom\u00e1nek, kter\u00fd si z N\u011bmecka odv\u00e1\u017e\u00ed dv\u011b bronzov\u00e9 medaile.<\/p>\n<p align=\"justify\"> Tandem Moflar-Chyba obsadil t\u0159et\u00ed m\u00edsto v silni\u010dn\u00edm z\u00e1vod\u011b a v \u010dasovce byl \u010dtvrt\u00fd. <\/p>\n<p> <img decoding=\"async\" src=\"\/wordpress\/image\/k_clankum\/kajnar_holzkirchen2012.jpg\"> <\/p>\n","protected":false},"excerpt":{"rendered":"<a href=\"https:\/\/www.caths.cz\/wordpress\/tomas-kajnar-vyhral-evropsky-pohar-v-holzkirchenu\/\"><img loading=\"lazy\" decoding=\"async\" width=\"100\" height=\"100\" src=\"https:\/\/www.caths.cz\/wordpress\/wp-content\/plugins\/thumbnail-for-excerpts\/tfe_no_thumb.png\" class=\"alignleft wp-post-image tfe\" alt=\"\" title=\"\" \/><\/a><p>Vynikaj\u00edc\u00ed \u00fasp\u011bch se poda\u0159il Tom\u00e1\u0161ovi Kajnarovi z t\u00fdmu Nutrend Specialized Cycling, kter\u00fd dok\u00e1zal zv\u00edt\u011bzit v silni\u010dn\u00edm z\u00e1vod\u011b Evropsk\u00e9ho poh\u00e1ru v Holzkirchenu a v \u010dasovce vybojoval druh\u00e9 m\u00edsto. Velmi dob\u0159e si [&hellip;]<\/p>\n","protected":false},"author":1,"featured_media":0,"comment_status":"closed","ping_status":"closed","sticky":false,"template":"","format":"standard","meta":{"ngg_post_thumbnail":0,"footnotes":""},"categories":[2],"tags":[],"class_list":["post-2289","post","type-post","status-publish","format-standard","hentry","category-cyklistika"],"_links":{"self":[{"href":"https:\/\/www.caths.cz\/wordpress\/wp-json\/wp\/v2\/posts\/2289","targetHints":{"allow":["GET"]}}],"collection":[{"href":"https:\/\/www.caths.cz\/wordpress\/wp-json\/wp\/v2\/posts"}],"about":[{"href":"https:\/\/www.caths.cz\/wordpress\/wp-json\/wp\/v2\/types\/post"}],"author":[{"embeddable":true,"href":"https:\/\/www.caths.cz\/wordpress\/wp-json\/wp\/v2\/users\/1"}],"replies":[{"embeddable":true,"href":"https:\/\/www.caths.cz\/wordpress\/wp-json\/wp\/v2\/comments?post=2289"}],"version-history":[{"count":0,"href":"https:\/\/www.caths.cz\/wordpress\/wp-json\/wp\/v2\/posts\/2289\/revisions"}],"wp:attachment":[{"href":"https:\/\/www.caths.cz\/wordpress\/wp-json\/wp\/v2\/media?parent=2289"}],"wp:term":[{"taxonomy":"category","embeddable":true,"href":"https:\/\/www.caths.cz\/wordpress\/wp-json\/wp\/v2\/categories?post=2289"},{"taxonomy":"post_tag","embeddable":true,"href":"https:\/\/www.caths.cz\/wordpress\/wp-json\/wp\/v2\/tags?post=2289"}],"curies":[{"name":"wp","href":"https:\/\/api.w.org\/{rel}","templated":true}]}}