{"id":2286,"date":"2012-07-22T12:47:00","date_gmt":"2012-07-22T11:47:00","guid":{"rendered":"http:\/\/www.caths.cz\/wordpress\/?p=2286"},"modified":"2012-07-22T12:47:00","modified_gmt":"2012-07-22T11:47:00","slug":"czech-target-prinesl-i-svetove-rekordy","status":"publish","type":"post","link":"https:\/\/www.caths.cz\/wordpress\/czech-target-prinesl-i-svetove-rekordy\/","title":{"rendered":"Czech Target p\u0159inesl i sv\u011btov\u00e9 rekordy"},"content":{"rendered":"<p align=\"justify\">\nP\u0159ed t\u00fddnem skon\u010dil v Nonov\u00e9m M\u011bst\u011b nad Metuj\u00ed mezin\u00e1rodn\u00ed turnaj v lukost\u0159elb\u011b Czech Target. Za \u00fa\u010dasti 120 lukost\u0159elc\u016f z 19 zem\u00ed prob\u011bhl jako posledn\u00ed prov\u011brka v\u00fdkonnosti p\u0159ed paralympijsk\u00fdmi hrami v Lond\u00fdn\u011b (29.8. &#8211; 9.9. 2012).\n<\/p>\n<p align=\"justify\"> Turnaje se z\u00fa\u010dastnila kompletn\u00ed reprezentace \u010cR a ladila formu. Nejv\u00fdrazn\u011bj\u0161\u00edch \u00fasp\u011bch\u016f dos\u00e1hli:<\/p>\n<p> David Drahoninsk\u00fd 1. M\u00edsto v kategorii ARW1<br \/> T\u00fdm mu\u017e\u016f 3. M\u00edsto v kategorii kladkov\u00fd luk<br \/> T\u00fdm \u017een 3. M\u00edsto v kategorii reflexn\u00ed luk<\/p>\n<p> Druh\u00fd den Sv\u011btov\u00e9ho \u017eeb\u0159\u00ed\u010dkov\u00e9ho turnaje v paralympijsk\u00e9 lukost\u0159elb\u011b FITA, p\u0159inesl dva sv\u011btov\u00e9 rekordy. V sout\u011b\u017ei dru\u017estev je vytvo\u0159ily mu\u017esk\u00fd t\u00fdm Francie v kategorii reflexn\u00ed luk a t\u00fdm mu\u017e\u016f Kanady v kategorii kladkov\u00fd luk. <\/p>\n<p> V\u00fdsledky <a href=\"http:\/\/www.sportklub.cz\/Articles.aspx?ArtId=670\" target=\"_blank\"> zde<\/a> <\/p>\n<p> <img decoding=\"async\" src=\"\/wordpress\/image\/sekretarky\/lukostrelba\/czech target\/147.JPG\"> <\/p>\n<p> <img decoding=\"async\" src=\"\/wordpress\/image\/sekretarky\/lukostrelba\/czech target\/148.JPG\"> <\/p>\n<p> <img decoding=\"async\" src=\"\/wordpress\/image\/sekretarky\/lukostrelba\/czech target\/150.JPG\"> <\/p>\n<p> <img decoding=\"async\" src=\"\/wordpress\/image\/sekretarky\/lukostrelba\/czech target\/154.JPG\"> <\/p>\n<p> <img decoding=\"async\" src=\"\/wordpress\/image\/sekretarky\/lukostrelba\/czech target\/157.JPG\"> <\/p>\n<p> <img decoding=\"async\" src=\"\/wordpress\/image\/sekretarky\/lukostrelba\/czech target\/161.JPG\"> <\/p>\n<p> <img decoding=\"async\" src=\"\/wordpress\/image\/sekretarky\/lukostrelba\/czech target\/162.JPG\"> <\/p>\n<p> <img decoding=\"async\" src=\"\/wordpress\/image\/sekretarky\/lukostrelba\/czech target\/167.JPG\"> <\/p>\n<p> <img decoding=\"async\" src=\"\/wordpress\/image\/sekretarky\/lukostrelba\/czech target\/175.JPG\"> <\/p>\n<p> <img decoding=\"async\" src=\"\/wordpress\/image\/sekretarky\/lukostrelba\/czech target\/177.JPG\"> <\/p>\n<p> <img decoding=\"async\" src=\"\/wordpress\/image\/sekretarky\/lukostrelba\/czech target\/183.JPG\"> <\/p>\n<p> <img decoding=\"async\" src=\"\/wordpress\/image\/sekretarky\/lukostrelba\/czech target\/184.JPG\"> <\/p>\n","protected":false},"excerpt":{"rendered":"<a href=\"https:\/\/www.caths.cz\/wordpress\/czech-target-prinesl-i-svetove-rekordy\/\"><img loading=\"lazy\" decoding=\"async\" width=\"100\" height=\"100\" src=\"https:\/\/www.caths.cz\/wordpress\/wp-content\/plugins\/thumbnail-for-excerpts\/tfe_no_thumb.png\" class=\"alignleft wp-post-image tfe\" alt=\"\" title=\"\" \/><\/a><p>P\u0159ed t\u00fddnem skon\u010dil v Nonov\u00e9m M\u011bst\u011b nad Metuj\u00ed mezin\u00e1rodn\u00ed turnaj v lukost\u0159elb\u011b Czech Target. Za \u00fa\u010dasti 120 lukost\u0159elc\u016f z 19 zem\u00ed prob\u011bhl jako posledn\u00ed prov\u011brka v\u00fdkonnosti p\u0159ed paralympijsk\u00fdmi hrami v [&hellip;]<\/p>\n","protected":false},"author":1,"featured_media":0,"comment_status":"closed","ping_status":"closed","sticky":false,"template":"","format":"standard","meta":{"ngg_post_thumbnail":0,"footnotes":""},"categories":[13],"tags":[],"class_list":["post-2286","post","type-post","status-publish","format-standard","hentry","category-lukostrelba"],"_links":{"self":[{"href":"https:\/\/www.caths.cz\/wordpress\/wp-json\/wp\/v2\/posts\/2286","targetHints":{"allow":["GET"]}}],"collection":[{"href":"https:\/\/www.caths.cz\/wordpress\/wp-json\/wp\/v2\/posts"}],"about":[{"href":"https:\/\/www.caths.cz\/wordpress\/wp-json\/wp\/v2\/types\/post"}],"author":[{"embeddable":true,"href":"https:\/\/www.caths.cz\/wordpress\/wp-json\/wp\/v2\/users\/1"}],"replies":[{"embeddable":true,"href":"https:\/\/www.caths.cz\/wordpress\/wp-json\/wp\/v2\/comments?post=2286"}],"version-history":[{"count":0,"href":"https:\/\/www.caths.cz\/wordpress\/wp-json\/wp\/v2\/posts\/2286\/revisions"}],"wp:attachment":[{"href":"https:\/\/www.caths.cz\/wordpress\/wp-json\/wp\/v2\/media?parent=2286"}],"wp:term":[{"taxonomy":"category","embeddable":true,"href":"https:\/\/www.caths.cz\/wordpress\/wp-json\/wp\/v2\/categories?post=2286"},{"taxonomy":"post_tag","embeddable":true,"href":"https:\/\/www.caths.cz\/wordpress\/wp-json\/wp\/v2\/tags?post=2286"}],"curies":[{"name":"wp","href":"https:\/\/api.w.org\/{rel}","templated":true}]}}