{"id":2285,"date":"2012-07-20T08:46:23","date_gmt":"2012-07-20T07:46:23","guid":{"rendered":"http:\/\/www.caths.cz\/wordpress\/?p=2285"},"modified":"2012-07-20T08:46:23","modified_gmt":"2012-07-20T07:46:23","slug":"v-olomouci-opet-zavodi-atleti","status":"publish","type":"post","link":"https:\/\/www.caths.cz\/wordpress\/v-olomouci-opet-zavodi-atleti\/","title":{"rendered":"V Olomouci op\u011bt z\u00e1vod\u00ed atleti"},"content":{"rendered":"<p align=\"justify\">Tentokr\u00e1t v Olomouci z\u00e1vod\u00ed t\u011blesn\u011b posti\u017een\u00ed atleti do 23, let. Jedn\u00e1 se o mistrovstv\u00ed sv\u011bta zdravotn\u011b posti\u017een\u00fdch junior\u016f a \u010cATHS zde zastupuj\u00ed 3 sportovkyn\u011b. Do Olomouce dorazilo 10 v\u00fdprav z r\u016fzn\u00fdch kout\u016f sv\u011bta a ve st\u0159edu po slavnostn\u00edm zah\u00e1jen\u00ed za\u010dali mlad\u00ed atleti m\u011b\u0159it sv\u00e9 s\u00edly.\n<\/p>\n<p align=\"justify\">Pro mnoh\u00e9 se jedn\u00e1 o prvn\u00ed start na tak velk\u00fdch z\u00e1vodech. Je pro n\u011b zcela nov\u00e1 situace, kdy mus\u00ed z\u00e1pasit nejen se soupe\u0159i, ale tak\u00e9 ze svou tr\u00e9mou. Velmi dob\u0159e se s t\u011bmito n\u00e1strahami poprali ve st\u0159edu \u010de\u0161t\u00ed atleti Barbora \u010celansk\u00e1 F32. Pro B\u00e1ru kdy to byla velk\u00e1 premi\u00e9ra na, kter\u00e9 z\u00edskala st\u0159\u00edbro za hod ku\u017eelkou, kterou poslala na 13,47 m. Ve stejn\u00e9 discipl\u00edn\u011b poprv\u00e9 startovala na\u0161e druh\u00e1 z\u00e1vodn\u00edce a z\u00e1rove\u0148 nejmlad\u0161\u00ed \u00fa\u010dastnice MS, desetilet\u00e1 Adelka Sekyrov\u00e1 F 31, kter\u00e1 zde vybojovala 7. m\u00edsto za v\u00fdkon 4.45 m. Radost n\u00e1m ud\u011blal Martin Kukla ve vrhu koul\u00ed , kterou poslal na metu 7,71 m a vybojoval bronz.<\/p>\n<p> Ve \u010dtvrtek se Olomouc do\u010dkala i zn\u011bn\u00ed \u010desk\u00e9 hymny!<br \/> V b\u011bhu na 100 m zv\u00edt\u011bzila spasticky posti\u017een\u00e1 Ani\u010dka Luxov\u00e1. Jakub Nov\u00e1k se v kouli um\u00edstil na 6 m\u00edst\u011b .<\/p>\n","protected":false},"excerpt":{"rendered":"<a href=\"https:\/\/www.caths.cz\/wordpress\/v-olomouci-opet-zavodi-atleti\/\"><img loading=\"lazy\" decoding=\"async\" width=\"100\" height=\"100\" src=\"https:\/\/www.caths.cz\/wordpress\/wp-content\/plugins\/thumbnail-for-excerpts\/tfe_no_thumb.png\" class=\"alignleft wp-post-image tfe\" alt=\"\" title=\"\" \/><\/a><p>Tentokr\u00e1t v Olomouci z\u00e1vod\u00ed t\u011blesn\u011b posti\u017een\u00ed atleti do 23, let. Jedn\u00e1 se o mistrovstv\u00ed sv\u011bta zdravotn\u011b posti\u017een\u00fdch junior\u016f a \u010cATHS zde zastupuj\u00ed 3 sportovkyn\u011b. Do Olomouce dorazilo 10 v\u00fdprav z [&hellip;]<\/p>\n","protected":false},"author":1,"featured_media":0,"comment_status":"closed","ping_status":"closed","sticky":false,"template":"","format":"standard","meta":{"ngg_post_thumbnail":0,"footnotes":""},"categories":[5],"tags":[],"class_list":["post-2285","post","type-post","status-publish","format-standard","hentry","category-atletika"],"_links":{"self":[{"href":"https:\/\/www.caths.cz\/wordpress\/wp-json\/wp\/v2\/posts\/2285","targetHints":{"allow":["GET"]}}],"collection":[{"href":"https:\/\/www.caths.cz\/wordpress\/wp-json\/wp\/v2\/posts"}],"about":[{"href":"https:\/\/www.caths.cz\/wordpress\/wp-json\/wp\/v2\/types\/post"}],"author":[{"embeddable":true,"href":"https:\/\/www.caths.cz\/wordpress\/wp-json\/wp\/v2\/users\/1"}],"replies":[{"embeddable":true,"href":"https:\/\/www.caths.cz\/wordpress\/wp-json\/wp\/v2\/comments?post=2285"}],"version-history":[{"count":0,"href":"https:\/\/www.caths.cz\/wordpress\/wp-json\/wp\/v2\/posts\/2285\/revisions"}],"wp:attachment":[{"href":"https:\/\/www.caths.cz\/wordpress\/wp-json\/wp\/v2\/media?parent=2285"}],"wp:term":[{"taxonomy":"category","embeddable":true,"href":"https:\/\/www.caths.cz\/wordpress\/wp-json\/wp\/v2\/categories?post=2285"},{"taxonomy":"post_tag","embeddable":true,"href":"https:\/\/www.caths.cz\/wordpress\/wp-json\/wp\/v2\/tags?post=2285"}],"curies":[{"name":"wp","href":"https:\/\/api.w.org\/{rel}","templated":true}]}}