{"id":2284,"date":"2012-07-19T09:16:49","date_gmt":"2012-07-19T08:16:49","guid":{"rendered":"http:\/\/www.caths.cz\/wordpress\/?p=2284"},"modified":"2012-07-19T09:16:49","modified_gmt":"2012-07-19T08:16:49","slug":"vzpominka-na-strelce-zdenka-lackeho","status":"publish","type":"post","link":"https:\/\/www.caths.cz\/wordpress\/vzpominka-na-strelce-zdenka-lackeho\/","title":{"rendered":"Vzpom\u00ednka na st\u0159elce Zde\u0148ka Lack\u00e9ho"},"content":{"rendered":"<p align=\"justify\"> Kr\u00e1tce po sv\u00fdch 77. narozenin\u00e1ch n\u00e1s v p\u00e1tek 22.6.2012 v ostravsk\u00e9 nemocnici po del\u0161\u00ed nemoci opustil Zden\u011bk Lack\u00fd, kter\u00fd je\u0161t\u011b t\u00fdden p\u0159ed t\u00edm pl\u00e1noval \u00fa\u010dast na pravideln\u00e9 sout\u011b\u017ei veter\u00e1n\u016f v Plzni, ale osud bohu\u017eel rozhodl jinak.<br \/> Zden\u011bk Lack\u00fd, narozen\u00fd 18.6.1935 pat\u0159il koncem 60. a za\u010d\u00e1tkem 70. let 20. stolet\u00ed k opor\u00e1m \u010deskoslovensk\u00e9 pistolov\u00e9 reprezentace, kdy z\u00edskal \u0159adu v\u00fdznamn\u00fdch dom\u00e1c\u00edch i mezin\u00e1rodn\u00edch \u00fasp\u011bch\u016f ve vzduchov\u00e9 pistoli, ale i n\u00e1rodn\u00edch rekord\u016f ve velkor\u00e1\u017en\u00e9 pistoli, kdy sout\u011b\u017eil s tehdy nedosti\u017en\u00fdm revolverem ZKR 551 v r\u00e1\u017ei .38.<br \/><img decoding=\"async\" src=\"\/wordpress\/image\/k_clankum\/lacky_polsko.jpg\" ALIGN=\"right\" HSPACE=5 VSPACE=5\"> I kdy\u017e byl nominov\u00e1n na olympi\u00e1du 1972, s \u010deskoslovensk\u00fdm t\u00fdmem tehdy do Mnichova neodcestoval nejen ze zdravotn\u00edch d\u016fvod\u016f. Je\u0161t\u011b v r. 1970 sice obdr\u017eel titul mistra sportu, ale ji\u017e o rok pozd\u011bji mu byly, jako politicky nespolehliv\u00e9mu, odebr\u00e1ny v\u0161echny zbran\u011b a na dlouhou \u0159adu let se sv\u00e9 milovan\u00e9 st\u0159elb\u011b nemohl v\u011bnovat.<br \/> A\u017e v 90. letech se ke st\u0159elb\u011b vr\u00e1til a v r. 2000 vzhledem ke sv\u00e9mu zdravotn\u00edmu hendikepu s doln\u00edmi kon\u010detinami, stal \u010dlenem k\u00e1dru t\u011blesn\u011b posti\u017een\u00fdch st\u0159elc\u016f na\u0161\u00ed republiky. Brzy vyu\u017eil sv\u00fdch znalost\u00ed a zku\u0161enost\u00ed a sv\u00fdmi v\u00fdsledky se brzo stal jedn\u00edm z \u010dlen\u016f \u010desk\u00e9 reprezentace TP st\u0159elc\u016f.<br \/> Jeho vrcholn\u00fdm \u00fasp\u011bchem se stal (v jeho 70ti letech!) vynikaj\u00edc\u00ed v\u00fdkon v SP30+30 v \u010dervenci 2005 na ME v polsk\u00e9 Vratislavi, kdy z\u00edskal n\u00e1st\u0159elem 553 (279+274) p\u011bkn\u00e9 14. m\u00edsto a p\u0159ekonal tak i limit pro \u00fa\u010dast na paralympi\u00e1d\u011b 2008. <br \/> K potvrzen\u00ed sv\u00e9ho v\u00fdkonu ji\u017e bohu\u017eel nedo\u0161lo, proto\u017ee kr\u00e1tce nato se musel podrobit operaci, kter\u00e1 jej p\u0159ipoutala nejen do\u017eivotn\u011b na invalidn\u00ed voz\u00edk, ale zna\u010dn\u011b oslabila jeho cel\u00fd organismus, kter\u00fd musel n\u00e1sleduj\u00edc\u00ed roky bojovat s postupuj\u00edc\u00edmi metast\u00e1zami.<br \/> Zden\u011bk se p\u0159esto nevzdal a kdykoliv to jeho zdravotn\u00ed stav dovolil, jezdil i v dal\u0161\u00edch letech na st\u0159eleck\u00e9 sout\u011b\u017ee v okol\u00ed Ostravy, do Horn\u00edho Bene\u0161ova, Brna i do Olomouce. Mnoz\u00ed si je\u0161t\u011b dlouho budeme pamatovat jeho \u00fasm\u011bv, kdy na invalidn\u00edm voz\u00ed\u010dku se sv\u00fdm typick\u00fdm stetsonem se v\u0161emi sv\u00fdm klidn\u00fdm hlasem p\u0159\u00e1telsky komunikuje\u2026<br \/> Se Zde\u0148kem Lack\u00fdm jsme se rozlou\u010dili v pond\u011bl\u00ed 2.7. 2012 v ob\u0159adn\u00ed s\u00edni h\u0159bitova v Ostrav\u011b \u2013 V\u00edtkovic\u00edch, ale kyti\u010dku k jeho pomn\u00ed\u010dku mu m\u016f\u017eeme n\u00e1sledn\u011b polo\u017eit na h\u0159bitov\u011b v Krnov\u011b. <\/p>\n<p> \u010cest jeho pam\u00e1tce !<\/p>\n","protected":false},"excerpt":{"rendered":"<a href=\"https:\/\/www.caths.cz\/wordpress\/vzpominka-na-strelce-zdenka-lackeho\/\"><img loading=\"lazy\" decoding=\"async\" width=\"100\" height=\"100\" src=\"https:\/\/www.caths.cz\/wordpress\/wp-content\/plugins\/thumbnail-for-excerpts\/tfe_no_thumb.png\" class=\"alignleft wp-post-image tfe\" alt=\"\" title=\"\" \/><\/a><p>Kr\u00e1tce po sv\u00fdch 77. narozenin\u00e1ch n\u00e1s v p\u00e1tek 22.6.2012 v ostravsk\u00e9 nemocnici po del\u0161\u00ed nemoci opustil Zden\u011bk Lack\u00fd, kter\u00fd je\u0161t\u011b t\u00fdden p\u0159ed t\u00edm pl\u00e1noval \u00fa\u010dast na pravideln\u00e9 sout\u011b\u017ei veter\u00e1n\u016f v [&hellip;]<\/p>\n","protected":false},"author":1,"featured_media":0,"comment_status":"closed","ping_status":"closed","sticky":false,"template":"","format":"standard","meta":{"ngg_post_thumbnail":0,"footnotes":""},"categories":[18],"tags":[],"class_list":["post-2284","post","type-post","status-publish","format-standard","hentry","category-strelba"],"_links":{"self":[{"href":"https:\/\/www.caths.cz\/wordpress\/wp-json\/wp\/v2\/posts\/2284","targetHints":{"allow":["GET"]}}],"collection":[{"href":"https:\/\/www.caths.cz\/wordpress\/wp-json\/wp\/v2\/posts"}],"about":[{"href":"https:\/\/www.caths.cz\/wordpress\/wp-json\/wp\/v2\/types\/post"}],"author":[{"embeddable":true,"href":"https:\/\/www.caths.cz\/wordpress\/wp-json\/wp\/v2\/users\/1"}],"replies":[{"embeddable":true,"href":"https:\/\/www.caths.cz\/wordpress\/wp-json\/wp\/v2\/comments?post=2284"}],"version-history":[{"count":0,"href":"https:\/\/www.caths.cz\/wordpress\/wp-json\/wp\/v2\/posts\/2284\/revisions"}],"wp:attachment":[{"href":"https:\/\/www.caths.cz\/wordpress\/wp-json\/wp\/v2\/media?parent=2284"}],"wp:term":[{"taxonomy":"category","embeddable":true,"href":"https:\/\/www.caths.cz\/wordpress\/wp-json\/wp\/v2\/categories?post=2284"},{"taxonomy":"post_tag","embeddable":true,"href":"https:\/\/www.caths.cz\/wordpress\/wp-json\/wp\/v2\/tags?post=2284"}],"curies":[{"name":"wp","href":"https:\/\/api.w.org\/{rel}","templated":true}]}}