{"id":22826,"date":"2016-04-14T23:02:37","date_gmt":"2016-04-14T22:02:37","guid":{"rendered":"http:\/\/www.caths.cz\/wordpress\/?p=22826"},"modified":"2016-04-14T23:02:37","modified_gmt":"2016-04-14T22:02:37","slug":"cesi-se-rozloucili-s-evropskym-sampionatem-vyhrou-nad-nemeckem","status":"publish","type":"post","link":"https:\/\/www.caths.cz\/wordpress\/cesi-se-rozloucili-s-evropskym-sampionatem-vyhrou-nad-nemeckem\/","title":{"rendered":"\u010ce\u0161i se rozlou\u010dili s evropsk\u00fdm \u0161ampion\u00e1tem v\u00fdhrou nad N\u011bmeckem"},"content":{"rendered":"<p>\u010cesk\u00fd t\u00fdm, po t\u00e9, co prohr\u00e1l souboj s Norskem o bronzovou medaili, nastoupil v ned\u011bli 10.4.2016 ke sv\u00e9mu posledn\u00edmu z\u00e1pasu na mistrovstv\u00ed Evropy ve sledge hokeji proti N\u011bmecku.<\/p>\n<p>\u010ce\u0161i cht\u011bli N\u011bmecku vr\u00e1tit utr\u017eenou por\u00e1\u017eku na lo\u0148sk\u00e9m MS v Buffalu, kter\u00e1 pro n\u00e1\u0161 t\u00fdm znamenala sestup z elitn\u00ed skupiny mistrovstv\u00ed sv\u011bta A do skupiny B.<\/p>\n<p>V pr\u016fb\u011bhu prvn\u00edch dvou t\u0159etin nepadl \u017e\u00e1dn\u00fd g\u00f3l. Ve t\u0159et\u00ed t\u0159etin\u011b se kone\u010dn\u011b usm\u00e1lo \u0161t\u011bst\u00ed na \u010desk\u00fd t\u00fdm, kdy\u017e Zden\u011bk H\u00e1bl vst\u0159elil prvn\u00ed branku z\u00e1pasu. Do dvoubrankov\u00e9ho veden\u00ed posunul \u010desk\u00fd t\u00fdm ve 40.minut\u011b z\u00e1pasu Michal Geier, za asistence Zde\u0148ka H\u00e1bla. Za dal\u0161\u00ed 4 minuty se poda\u0159ilo st\u0159elit branku za V\u00e1penkova z\u00e1da N\u011bmc\u016fm a t\u00edm sn\u00ed\u017eit sk\u00f3re na 1:2. Do konce z\u00e1pasu se \u010cech\u016fm poda\u0159ilo jednobrankov\u00fd n\u00e1skok udr\u017eet a v celkov\u00e9m po\u0159ad\u00ed \u0161ampion\u00e1tu se n\u00e1\u0161 t\u00fdm um\u00edstil na nepopul\u00e1rn\u00edm \u010dtvrt\u00e9m m\u00edst\u011b.<\/p>\n<p>Titul Mistra Evropy si odv\u00e1\u017e\u00ed t\u00fdm Ruska, druh\u00e9 m\u00edsto pat\u0159\u00ed It\u00e1lii a t\u0159et\u00ed p\u0159\u00ed\u010dka Norsku. Za \u010ceskem skon\u010dilo p\u00e1t\u00e9 \u0160v\u00e9dsko a \u0161est\u00e9 N\u011bmecko.<\/p>\n<p>Celkov\u00e9 v\u00fdsledky turnaje naleznete <a href=\"http:\/\/www.cuponline.se\/group.aspx?cupid=19050&amp;id=29898\">ZDE<\/a><\/p>\n<p><a href=\"http:\/\/www.caths.cz\/wordpress\/wp-content\/uploads\/2015\/04\/134.jpg\"><img loading=\"lazy\" decoding=\"async\" class=\"alignnone size-large wp-image-20618\" src=\"http:\/\/www.caths.cz\/wordpress\/wp-content\/uploads\/2015\/04\/134-1024x683.jpg\" alt=\"134\" width=\"600\" height=\"400\" srcset=\"https:\/\/www.caths.cz\/wordpress\/wp-content\/uploads\/2015\/04\/134-1024x683.jpg 1024w, https:\/\/www.caths.cz\/wordpress\/wp-content\/uploads\/2015\/04\/134-300x200.jpg 300w, https:\/\/www.caths.cz\/wordpress\/wp-content\/uploads\/2015\/04\/134-120x80.jpg 120w, https:\/\/www.caths.cz\/wordpress\/wp-content\/uploads\/2015\/04\/134.jpg 1166w\" sizes=\"auto, (max-width: 600px) 100vw, 600px\" \/><\/a><\/p>\n","protected":false},"excerpt":{"rendered":"<a href=\"https:\/\/www.caths.cz\/wordpress\/cesi-se-rozloucili-s-evropskym-sampionatem-vyhrou-nad-nemeckem\/\"><img loading=\"lazy\" decoding=\"async\" width=\"100\" height=\"100\" src=\"https:\/\/www.caths.cz\/wordpress\/wp-content\/plugins\/thumbnail-for-excerpts\/tfe_no_thumb.png\" class=\"alignleft wp-post-image tfe\" alt=\"\" title=\"\" \/><\/a><p>\u010cesk\u00fd t\u00fdm, po t\u00e9, co prohr\u00e1l souboj s Norskem o bronzovou medaili, nastoupil v ned\u011bli 10.4.2016 ke sv\u00e9mu posledn\u00edmu z\u00e1pasu na mistrovstv\u00ed Evropy ve sledge hokeji proti N\u011bmecku. \u010ce\u0161i cht\u011bli [&hellip;]<\/p>\n","protected":false},"author":1,"featured_media":0,"comment_status":"closed","ping_status":"closed","sticky":false,"template":"","format":"standard","meta":{"ngg_post_thumbnail":0,"footnotes":""},"categories":[17],"tags":[],"class_list":["post-22826","post","type-post","status-publish","format-standard","hentry","category-sledge-hokej"],"_links":{"self":[{"href":"https:\/\/www.caths.cz\/wordpress\/wp-json\/wp\/v2\/posts\/22826","targetHints":{"allow":["GET"]}}],"collection":[{"href":"https:\/\/www.caths.cz\/wordpress\/wp-json\/wp\/v2\/posts"}],"about":[{"href":"https:\/\/www.caths.cz\/wordpress\/wp-json\/wp\/v2\/types\/post"}],"author":[{"embeddable":true,"href":"https:\/\/www.caths.cz\/wordpress\/wp-json\/wp\/v2\/users\/1"}],"replies":[{"embeddable":true,"href":"https:\/\/www.caths.cz\/wordpress\/wp-json\/wp\/v2\/comments?post=22826"}],"version-history":[{"count":1,"href":"https:\/\/www.caths.cz\/wordpress\/wp-json\/wp\/v2\/posts\/22826\/revisions"}],"predecessor-version":[{"id":22827,"href":"https:\/\/www.caths.cz\/wordpress\/wp-json\/wp\/v2\/posts\/22826\/revisions\/22827"}],"wp:attachment":[{"href":"https:\/\/www.caths.cz\/wordpress\/wp-json\/wp\/v2\/media?parent=22826"}],"wp:term":[{"taxonomy":"category","embeddable":true,"href":"https:\/\/www.caths.cz\/wordpress\/wp-json\/wp\/v2\/categories?post=22826"},{"taxonomy":"post_tag","embeddable":true,"href":"https:\/\/www.caths.cz\/wordpress\/wp-json\/wp\/v2\/tags?post=22826"}],"curies":[{"name":"wp","href":"https:\/\/api.w.org\/{rel}","templated":true}]}}