{"id":22819,"date":"2016-04-06T12:29:19","date_gmt":"2016-04-06T11:29:19","guid":{"rendered":"http:\/\/www.caths.cz\/wordpress\/?p=22819"},"modified":"2016-04-06T12:29:58","modified_gmt":"2016-04-06T11:29:58","slug":"ivo-koblasa-vyhlasen-nejlepsim-handicapovanym-sportovcem-jihomoravskeho-kraje","status":"publish","type":"post","link":"https:\/\/www.caths.cz\/wordpress\/ivo-koblasa-vyhlasen-nejlepsim-handicapovanym-sportovcem-jihomoravskeho-kraje\/","title":{"rendered":"Ivo Koblasa vyhl\u00e1\u0161en nejlep\u0161\u00edm handicapovan\u00fdm sportovcem Jihomoravsk\u00e9ho kraje!"},"content":{"rendered":"<p>\u00dasp\u011b\u0161n\u00fd \u010desk\u00fd cyklista a reprezentant Ivo Koblasa, medailista dr\u00e1hov\u00e9ho i silni\u010dn\u00edho mistrovstv\u00ed sv\u011bta, byl vyhl\u00e1\u0161en\u00fd nej\u00fasp\u011b\u0161n\u011bj\u0161\u00edm handicapovan\u00fdm sportovcem Jihomoravsk\u00e9ho kraje za rok 2015!<\/p>\n<p><a href=\"http:\/\/www.caths.cz\/wordpress\/wp-content\/uploads\/2016\/04\/DSC_5073.jpg\"><img loading=\"lazy\" decoding=\"async\" class=\"alignnone size-full wp-image-22820\" src=\"http:\/\/www.caths.cz\/wordpress\/wp-content\/uploads\/2016\/04\/DSC_5073.jpg\" alt=\"DSC_5073\" width=\"1000\" height=\"665\" srcset=\"https:\/\/www.caths.cz\/wordpress\/wp-content\/uploads\/2016\/04\/DSC_5073.jpg 1000w, https:\/\/www.caths.cz\/wordpress\/wp-content\/uploads\/2016\/04\/DSC_5073-300x200.jpg 300w, https:\/\/www.caths.cz\/wordpress\/wp-content\/uploads\/2016\/04\/DSC_5073-120x80.jpg 120w\" sizes=\"auto, (max-width: 1000px) 100vw, 1000px\" \/><\/a><\/p>\n<p><a href=\"http:\/\/www.caths.cz\/wordpress\/wp-content\/uploads\/2016\/04\/DSC_5069.jpg\"><img loading=\"lazy\" decoding=\"async\" class=\"alignnone size-full wp-image-22822\" src=\"http:\/\/www.caths.cz\/wordpress\/wp-content\/uploads\/2016\/04\/DSC_5069.jpg\" alt=\"DSC_5069\" width=\"1000\" height=\"665\" srcset=\"https:\/\/www.caths.cz\/wordpress\/wp-content\/uploads\/2016\/04\/DSC_5069.jpg 1000w, https:\/\/www.caths.cz\/wordpress\/wp-content\/uploads\/2016\/04\/DSC_5069-300x200.jpg 300w, https:\/\/www.caths.cz\/wordpress\/wp-content\/uploads\/2016\/04\/DSC_5069-120x80.jpg 120w\" sizes=\"auto, (max-width: 1000px) 100vw, 1000px\" \/><\/a><\/p>\n<p><a href=\"http:\/\/www.caths.cz\/wordpress\/wp-content\/uploads\/2016\/04\/DSC_5062.jpg\"><img loading=\"lazy\" decoding=\"async\" class=\"alignnone size-large wp-image-22823\" src=\"http:\/\/www.caths.cz\/wordpress\/wp-content\/uploads\/2016\/04\/DSC_5062.jpg\" alt=\"DSC_5062\" width=\"600\" height=\"399\" srcset=\"https:\/\/www.caths.cz\/wordpress\/wp-content\/uploads\/2016\/04\/DSC_5062.jpg 1000w, https:\/\/www.caths.cz\/wordpress\/wp-content\/uploads\/2016\/04\/DSC_5062-300x200.jpg 300w, https:\/\/www.caths.cz\/wordpress\/wp-content\/uploads\/2016\/04\/DSC_5062-120x80.jpg 120w\" sizes=\"auto, (max-width: 600px) 100vw, 600px\" \/><\/a><\/p>\n","protected":false},"excerpt":{"rendered":"<a href=\"https:\/\/www.caths.cz\/wordpress\/ivo-koblasa-vyhlasen-nejlepsim-handicapovanym-sportovcem-jihomoravskeho-kraje\/\"><img width=\"100\" height=\"100\" src=\"https:\/\/www.caths.cz\/wordpress\/wp-content\/uploads\/2016\/04\/DSC_5073-100x100.jpg\" class=\"alignleft tfe wp-post-image\" alt=\"\" decoding=\"async\" loading=\"lazy\" srcset=\"https:\/\/www.caths.cz\/wordpress\/wp-content\/uploads\/2016\/04\/DSC_5073-100x100.jpg 100w, https:\/\/www.caths.cz\/wordpress\/wp-content\/uploads\/2016\/04\/DSC_5073-150x150.jpg 150w\" sizes=\"auto, (max-width: 100px) 100vw, 100px\" \/><\/a><p>\u00dasp\u011b\u0161n\u00fd \u010desk\u00fd cyklista a reprezentant Ivo Koblasa, medailista dr\u00e1hov\u00e9ho i silni\u010dn\u00edho mistrovstv\u00ed sv\u011bta, byl vyhl\u00e1\u0161en\u00fd nej\u00fasp\u011b\u0161n\u011bj\u0161\u00edm handicapovan\u00fdm sportovcem Jihomoravsk\u00e9ho kraje za rok 2015!<\/p>\n","protected":false},"author":1,"featured_media":22820,"comment_status":"closed","ping_status":"closed","sticky":false,"template":"","format":"standard","meta":{"ngg_post_thumbnail":0,"footnotes":""},"categories":[39],"tags":[],"class_list":["post-22819","post","type-post","status-publish","format-standard","has-post-thumbnail","hentry","category-caths-anketa"],"_links":{"self":[{"href":"https:\/\/www.caths.cz\/wordpress\/wp-json\/wp\/v2\/posts\/22819","targetHints":{"allow":["GET"]}}],"collection":[{"href":"https:\/\/www.caths.cz\/wordpress\/wp-json\/wp\/v2\/posts"}],"about":[{"href":"https:\/\/www.caths.cz\/wordpress\/wp-json\/wp\/v2\/types\/post"}],"author":[{"embeddable":true,"href":"https:\/\/www.caths.cz\/wordpress\/wp-json\/wp\/v2\/users\/1"}],"replies":[{"embeddable":true,"href":"https:\/\/www.caths.cz\/wordpress\/wp-json\/wp\/v2\/comments?post=22819"}],"version-history":[{"count":2,"href":"https:\/\/www.caths.cz\/wordpress\/wp-json\/wp\/v2\/posts\/22819\/revisions"}],"predecessor-version":[{"id":22824,"href":"https:\/\/www.caths.cz\/wordpress\/wp-json\/wp\/v2\/posts\/22819\/revisions\/22824"}],"wp:featuredmedia":[{"embeddable":true,"href":"https:\/\/www.caths.cz\/wordpress\/wp-json\/wp\/v2\/media\/22820"}],"wp:attachment":[{"href":"https:\/\/www.caths.cz\/wordpress\/wp-json\/wp\/v2\/media?parent=22819"}],"wp:term":[{"taxonomy":"category","embeddable":true,"href":"https:\/\/www.caths.cz\/wordpress\/wp-json\/wp\/v2\/categories?post=22819"},{"taxonomy":"post_tag","embeddable":true,"href":"https:\/\/www.caths.cz\/wordpress\/wp-json\/wp\/v2\/tags?post=22819"}],"curies":[{"name":"wp","href":"https:\/\/api.w.org\/{rel}","templated":true}]}}