{"id":2281,"date":"2012-07-16T13:14:02","date_gmt":"2012-07-16T12:14:02","guid":{"rendered":"http:\/\/www.caths.cz\/wordpress\/?p=2281"},"modified":"2012-07-16T13:14:02","modified_gmt":"2012-07-16T12:14:02","slug":"novomestsky-pohar-2012-3-kolo","status":"publish","type":"post","link":"https:\/\/www.caths.cz\/wordpress\/novomestsky-pohar-2012-3-kolo\/","title":{"rendered":"Novom\u011bstsk\u00fd poh\u00e1r 2012 \u2013 3. kolo"},"content":{"rendered":"<p align=\"justify\">O v\u00edkendu 7. \u2013 8. \u010dervence 2012 se uskute\u010dnilo t\u0159et\u00ed kolo celorepublikov\u00e9 sout\u011b\u017ee v lukost\u0159elb\u011b \u2013 Novom\u011bstsk\u00fd poh\u00e1r. Tento z\u00e1vod byl z\u00e1rove\u0148 ozna\u010den FITA Star a FITA Target s mo\u017enost\u00ed z\u00edsk\u00e1n\u00ed odznaku mezin\u00e1rodn\u00ed lukost\u0159eleck\u00e9 federace, a tak pro n\u011bkter\u00e9 st\u0159elce v\u00fdbornou mo\u017enost\u00ed z\u00edskat bu\u010f sv\u016fj prvn\u00ed odznak a nebo odznak vy\u0161\u0161\u00ed t\u0159\u00eddy.\n<\/p>\n<p align=\"justify\">Vyj\u00edme\u010dnost\u00ed tohoto z\u00e1vodu bylo to, \u017ee tento z\u00e1vod byl oko\u0159en\u011bn mezin\u00e1rodn\u00ed \u00fa\u010dast\u00ed dru\u017estvem Kanady, kter\u00e9 m\u011blo tento z\u00e1vod jako p\u0159\u00edpravu na na WRT 2012, t\u00e9\u017e konan\u00fd pod hlavi\u0161kou SK Nov\u00e9 M\u011bsto nad Metuj\u00ed. A tak d\u00edky tomu se tohoto kola z\u00fa\u010dastnilo celkem 32 lukost\u0159elc\u016f, ale i tak p\u0159ev\u00e1\u017en\u011b z dom\u00e1c\u00edho odd\u00edlu SK Nov\u00e9 M\u011bsto nad Metuj\u00ed. <br \/> Dal\u0161\u00ed nev\u00eddanou v\u011bc\u00ed na \u010desk\u00e9 pom\u011bry byla \u00fa\u010dast kladkov\u00fdch luk\u016f. Takovou koncentraci \u201ekladek\u201c pomalu nen\u00ed vid\u011bt ani na M\u010cR. Z celkov\u00e9ho po\u010dtu 32 lukost\u0159elc\u016f bylo 22 lid\u00ed st\u0159\u00edlej\u00edc\u00edch z kladkov\u00e9ho luku. V sobotu se st\u0159\u00edlely sestavy 2x F70 (nebo F50) a kdo cht\u011bl mohl st\u0159\u00edlet i jinou sestavu, p\u0159edev\u0161\u00edm sestavu FITA. Sout\u011b\u017eilo se jak z kladkov\u00e9ho luku, tak z reflexn\u00edho luku, a to jak sout\u011b\u017e \u017een, tak i mu\u017e\u016f. <br \/> V kategorii kladkov\u00fd luk mu\u017ei zv\u00edt\u011bzil Ji\u0159\u00ed Klich st. (F70), Jaroslav Precl\u00edk (FITA), Petr Kopeck\u00fd (F50), v kategorii reflexn\u00ed luk mu\u017ei zv\u00edt\u011bzil Martin Chaloupsk\u00fd a v \u017een\u00e1ch zv\u00edt\u011bzila Miroslava \u010cern\u00e1. V ned\u011bli se st\u0159\u00edlela kvalifika\u010dn\u00ed sout\u011b\u017e F70, z kter\u00e9 se pak ur\u010dilo po\u0159ad\u00ed pro n\u00e1sleduj\u00edc\u00ed eliminace, kter\u00e9 byly jak u mu\u017e\u016f, tak i \u017een. Kategorii kladkov\u00fd luk vyhr\u00e1l Robert Cox z Kanady, v kategorii reflexn\u00ed luk zv\u00edt\u011bzil Martin Chaloupsk\u00fd a v kategorii reflexn\u00ed luk \u017eeny Miroslava \u010cern\u00e1. <br \/> V\u0161ichni z\u00fa\u010dastn\u011bn\u00ed byli s pr\u016fb\u011bhem z\u00e1vodu spokojeni. Po\u010das\u00ed o tomto v\u00edkendu bylo pro lukost\u0159elbu opravdu p\u0159\u00edzniv\u00e9, i kdy\u017e trochu teplotn\u011b nad norm\u00e1lem, ale p\u0159edev\u0161\u00edm skoro s absolutn\u00edm bezv\u011bt\u0159\u00edm. Po\u0159adatel\u00e9 a sout\u011b\u017e\u00edc\u00ed se u\u017e dnes t\u011b\u0161\u00ed na dal\u0161\u00ed 4. kolo Novom\u011bstsk\u00e9ho poh\u00e1ru, kter\u00e9 prob\u011bhne o v\u00edkendu 28. \u2013 29. \u010dervence 2012 na stadi\u00f3nu SK Nov\u00e9 M\u011bsto nad Metuj\u00ed. <\/p>\n<p> V\u00fdsledky z\u00e1vod\u016f <a href=\"http:\/\/www.caths.cz\/storage\/sekretarky\/lukostrelba\/Vysledky 3. kolo NM Pohar Luk 2012.xls\" target=\"_blank\"> zde<\/a> <\/p>\n<p> <img decoding=\"async\" src=\"\/wordpress\/image\/sekretarky\/lukostrelba\/CP 3kolo\/001.jpg\"> <\/p>\n<p> <img decoding=\"async\" src=\"\/wordpress\/image\/sekretarky\/lukostrelba\/CP 3kolo\/002.jpg\"> <\/p>\n<p> <img decoding=\"async\" src=\"\/wordpress\/image\/sekretarky\/lukostrelba\/CP 3kolo\/003.jpg\"> <\/p>\n<p> <img decoding=\"async\" src=\"\/wordpress\/image\/sekretarky\/lukostrelba\/CP 3kolo\/004.jpg\"> <\/p>\n<p> <img decoding=\"async\" src=\"\/wordpress\/image\/sekretarky\/lukostrelba\/CP 3kolo\/005.jpg\"> <\/p>\n<p> <img decoding=\"async\" src=\"\/wordpress\/image\/sekretarky\/lukostrelba\/CP 3kolo\/006.jpg\"> <\/p>\n","protected":false},"excerpt":{"rendered":"<a href=\"https:\/\/www.caths.cz\/wordpress\/novomestsky-pohar-2012-3-kolo\/\"><img loading=\"lazy\" decoding=\"async\" width=\"100\" height=\"100\" src=\"https:\/\/www.caths.cz\/wordpress\/wp-content\/plugins\/thumbnail-for-excerpts\/tfe_no_thumb.png\" class=\"alignleft wp-post-image tfe\" alt=\"\" title=\"\" \/><\/a><p>O v\u00edkendu 7. \u2013 8. \u010dervence 2012 se uskute\u010dnilo t\u0159et\u00ed kolo celorepublikov\u00e9 sout\u011b\u017ee v lukost\u0159elb\u011b \u2013 Novom\u011bstsk\u00fd poh\u00e1r. Tento z\u00e1vod byl z\u00e1rove\u0148 ozna\u010den FITA Star a FITA Target s mo\u017enost\u00ed [&hellip;]<\/p>\n","protected":false},"author":1,"featured_media":0,"comment_status":"closed","ping_status":"closed","sticky":false,"template":"","format":"standard","meta":{"ngg_post_thumbnail":0,"footnotes":""},"categories":[13],"tags":[],"class_list":["post-2281","post","type-post","status-publish","format-standard","hentry","category-lukostrelba"],"_links":{"self":[{"href":"https:\/\/www.caths.cz\/wordpress\/wp-json\/wp\/v2\/posts\/2281","targetHints":{"allow":["GET"]}}],"collection":[{"href":"https:\/\/www.caths.cz\/wordpress\/wp-json\/wp\/v2\/posts"}],"about":[{"href":"https:\/\/www.caths.cz\/wordpress\/wp-json\/wp\/v2\/types\/post"}],"author":[{"embeddable":true,"href":"https:\/\/www.caths.cz\/wordpress\/wp-json\/wp\/v2\/users\/1"}],"replies":[{"embeddable":true,"href":"https:\/\/www.caths.cz\/wordpress\/wp-json\/wp\/v2\/comments?post=2281"}],"version-history":[{"count":0,"href":"https:\/\/www.caths.cz\/wordpress\/wp-json\/wp\/v2\/posts\/2281\/revisions"}],"wp:attachment":[{"href":"https:\/\/www.caths.cz\/wordpress\/wp-json\/wp\/v2\/media?parent=2281"}],"wp:term":[{"taxonomy":"category","embeddable":true,"href":"https:\/\/www.caths.cz\/wordpress\/wp-json\/wp\/v2\/categories?post=2281"},{"taxonomy":"post_tag","embeddable":true,"href":"https:\/\/www.caths.cz\/wordpress\/wp-json\/wp\/v2\/tags?post=2281"}],"curies":[{"name":"wp","href":"https:\/\/api.w.org\/{rel}","templated":true}]}}