{"id":22803,"date":"2016-04-01T14:37:16","date_gmt":"2016-04-01T13:37:16","guid":{"rendered":"http:\/\/www.caths.cz\/wordpress\/?p=22803"},"modified":"2016-04-01T14:37:16","modified_gmt":"2016-04-01T13:37:16","slug":"cesky-pohar-v-jizdach-na-veslarskem-trenazeru","status":"publish","type":"post","link":"https:\/\/www.caths.cz\/wordpress\/cesky-pohar-v-jizdach-na-veslarskem-trenazeru\/","title":{"rendered":"\u010cesk\u00fd poh\u00e1r v j\u00edzd\u00e1ch na vesla\u0159sk\u00e9m trena\u017eeru"},"content":{"rendered":"<p>Z\u00a0v\u00fdsledk\u016f Poh\u00e1ru \u010cR 2015-2016 v\u00a0j\u00edzd\u00e1ch na vesla\u0159sk\u00e9m trena\u017e\u00e9ru:<\/p>\n<p>Absolutn\u00edm v\u00edt\u011bzem se stal Martin Tomka z\u00a01.CZP J\u010c, z.s.<\/p>\n<table>\n<tbody>\n<tr>\n<td colspan=\"3\" width=\"332\"><strong>LTA &#8211; t\u011blesn\u011b handicapovan\u00ed<\/strong><\/td>\n<td width=\"64\"><strong>I. kolo<\/strong><\/td>\n<td width=\"64\"><strong>II. kolo<\/strong><\/td>\n<td width=\"64\"><strong>III. kolo<\/strong><\/td>\n<td width=\"64\"><strong>celkem<\/strong><\/td>\n<td width=\"64\"><strong>\u010das<\/strong><\/td>\n<\/tr>\n<tr>\n<td width=\"40\"><strong>1<\/strong><\/td>\n<td width=\"140\">1. Centrum ZP<\/td>\n<td width=\"152\">TOMKA Martin<\/td>\n<td width=\"64\">15<\/td>\n<td width=\"64\"><\/td>\n<td width=\"64\">11<\/td>\n<td width=\"64\"><strong>26<\/strong><\/td>\n<td width=\"64\">03:54,1<\/td>\n<\/tr>\n<tr>\n<td width=\"40\"><strong>2<\/strong><\/td>\n<td width=\"140\">VK Tyflocentra<\/td>\n<td width=\"152\">BUL\u00c1NEK V\u00e1clav<\/td>\n<td width=\"64\"><\/td>\n<td width=\"64\">15<\/td>\n<td width=\"64\">8<\/td>\n<td width=\"64\"><strong>23<\/strong><\/td>\n<td width=\"64\">04:15,3<\/td>\n<\/tr>\n<tr>\n<td width=\"40\"><strong>3<\/strong><\/td>\n<td width=\"140\">VK Tyflocentra<\/td>\n<td width=\"152\">VOLEK Karel<\/td>\n<td width=\"64\"><\/td>\n<td width=\"64\">13<\/td>\n<td width=\"64\">7<\/td>\n<td width=\"64\"><strong>20<\/strong><\/td>\n<td width=\"64\">04:43,8<\/td>\n<\/tr>\n<tr>\n<td width=\"40\"><strong>4<\/strong><\/td>\n<td width=\"140\">1. Centrum ZP<\/td>\n<td width=\"152\">\u010cELKO Jakub<\/td>\n<td width=\"64\"><\/td>\n<td width=\"64\"><\/td>\n<td width=\"64\">15<\/td>\n<td width=\"64\"><strong>15<\/strong><\/td>\n<td width=\"64\">03:29,2<\/td>\n<\/tr>\n<tr>\n<td width=\"40\"><strong>5<\/strong><\/td>\n<td width=\"140\">1. Centrum ZP<\/td>\n<td width=\"152\">KUKLA Martin<\/td>\n<td width=\"64\"><\/td>\n<td width=\"64\"><\/td>\n<td width=\"64\">13<\/td>\n<td width=\"64\"><strong>13<\/strong><\/td>\n<td width=\"64\">03:36,9<\/td>\n<\/tr>\n<tr>\n<td width=\"40\"><strong>6<\/strong><\/td>\n<td width=\"140\">1. Centrum ZP<\/td>\n<td width=\"152\">JEL\u00cdNEK Ale\u0161<\/td>\n<td width=\"64\"><\/td>\n<td width=\"64\"><\/td>\n<td width=\"64\">9<\/td>\n<td width=\"64\"><strong>9<\/strong><\/td>\n<td width=\"64\">04:06,5<\/td>\n<\/tr>\n<\/tbody>\n<\/table>\n<p>&nbsp;<\/p>\n<p><a href=\"http:\/\/www.caths.cz\/wordpress\/wp-content\/uploads\/2016\/04\/P2139545.jpg\"><img loading=\"lazy\" decoding=\"async\" class=\"alignnone size-large wp-image-22804\" src=\"http:\/\/www.caths.cz\/wordpress\/wp-content\/uploads\/2016\/04\/P2139545-1024x768.jpg\" alt=\"OLYMPUS DIGITAL CAMERA\" width=\"600\" height=\"450\" srcset=\"https:\/\/www.caths.cz\/wordpress\/wp-content\/uploads\/2016\/04\/P2139545-1024x768.jpg 1024w, https:\/\/www.caths.cz\/wordpress\/wp-content\/uploads\/2016\/04\/P2139545-300x225.jpg 300w, https:\/\/www.caths.cz\/wordpress\/wp-content\/uploads\/2016\/04\/P2139545-120x90.jpg 120w\" sizes=\"auto, (max-width: 600px) 100vw, 600px\" \/><\/a><\/p>\n<p><a href=\"http:\/\/www.caths.cz\/wordpress\/wp-content\/uploads\/2016\/04\/P2139584.jpg\"><img loading=\"lazy\" decoding=\"async\" class=\"alignnone size-large wp-image-22805\" src=\"http:\/\/www.caths.cz\/wordpress\/wp-content\/uploads\/2016\/04\/P2139584-1024x768.jpg\" alt=\"OLYMPUS DIGITAL CAMERA\" width=\"600\" height=\"450\" srcset=\"https:\/\/www.caths.cz\/wordpress\/wp-content\/uploads\/2016\/04\/P2139584-1024x768.jpg 1024w, https:\/\/www.caths.cz\/wordpress\/wp-content\/uploads\/2016\/04\/P2139584-300x225.jpg 300w, https:\/\/www.caths.cz\/wordpress\/wp-content\/uploads\/2016\/04\/P2139584-120x90.jpg 120w\" sizes=\"auto, (max-width: 600px) 100vw, 600px\" \/><\/a><\/p>\n<p>&nbsp;<\/p>\n","protected":false},"excerpt":{"rendered":"<a href=\"https:\/\/www.caths.cz\/wordpress\/cesky-pohar-v-jizdach-na-veslarskem-trenazeru\/\"><img width=\"100\" height=\"100\" src=\"https:\/\/www.caths.cz\/wordpress\/wp-content\/uploads\/2016\/04\/P2139545-100x100.jpg\" class=\"alignleft tfe wp-post-image\" alt=\"\" decoding=\"async\" loading=\"lazy\" srcset=\"https:\/\/www.caths.cz\/wordpress\/wp-content\/uploads\/2016\/04\/P2139545-100x100.jpg 100w, https:\/\/www.caths.cz\/wordpress\/wp-content\/uploads\/2016\/04\/P2139545-150x150.jpg 150w\" sizes=\"auto, (max-width: 100px) 100vw, 100px\" \/><\/a><p>Z\u00a0v\u00fdsledk\u016f Poh\u00e1ru \u010cR 2015-2016 v\u00a0j\u00edzd\u00e1ch na vesla\u0159sk\u00e9m trena\u017e\u00e9ru: Absolutn\u00edm v\u00edt\u011bzem se stal Martin Tomka z\u00a01.CZP J\u010c, z.s. LTA &#8211; t\u011blesn\u011b handicapovan\u00ed I. kolo II. kolo III. kolo celkem \u010das 1 [&hellip;]<\/p>\n","protected":false},"author":1,"featured_media":22804,"comment_status":"closed","ping_status":"closed","sticky":false,"template":"","format":"standard","meta":{"ngg_post_thumbnail":0,"footnotes":""},"categories":[6],"tags":[],"class_list":["post-22803","post","type-post","status-publish","format-standard","has-post-thumbnail","hentry","category-caths-info"],"_links":{"self":[{"href":"https:\/\/www.caths.cz\/wordpress\/wp-json\/wp\/v2\/posts\/22803","targetHints":{"allow":["GET"]}}],"collection":[{"href":"https:\/\/www.caths.cz\/wordpress\/wp-json\/wp\/v2\/posts"}],"about":[{"href":"https:\/\/www.caths.cz\/wordpress\/wp-json\/wp\/v2\/types\/post"}],"author":[{"embeddable":true,"href":"https:\/\/www.caths.cz\/wordpress\/wp-json\/wp\/v2\/users\/1"}],"replies":[{"embeddable":true,"href":"https:\/\/www.caths.cz\/wordpress\/wp-json\/wp\/v2\/comments?post=22803"}],"version-history":[{"count":1,"href":"https:\/\/www.caths.cz\/wordpress\/wp-json\/wp\/v2\/posts\/22803\/revisions"}],"predecessor-version":[{"id":22806,"href":"https:\/\/www.caths.cz\/wordpress\/wp-json\/wp\/v2\/posts\/22803\/revisions\/22806"}],"wp:featuredmedia":[{"embeddable":true,"href":"https:\/\/www.caths.cz\/wordpress\/wp-json\/wp\/v2\/media\/22804"}],"wp:attachment":[{"href":"https:\/\/www.caths.cz\/wordpress\/wp-json\/wp\/v2\/media?parent=22803"}],"wp:term":[{"taxonomy":"category","embeddable":true,"href":"https:\/\/www.caths.cz\/wordpress\/wp-json\/wp\/v2\/categories?post=22803"},{"taxonomy":"post_tag","embeddable":true,"href":"https:\/\/www.caths.cz\/wordpress\/wp-json\/wp\/v2\/tags?post=22803"}],"curies":[{"name":"wp","href":"https:\/\/api.w.org\/{rel}","templated":true}]}}