{"id":22798,"date":"2016-03-28T17:54:38","date_gmt":"2016-03-28T16:54:38","guid":{"rendered":"http:\/\/www.caths.cz\/wordpress\/?p=22798"},"modified":"2016-03-28T17:54:38","modified_gmt":"2016-03-28T16:54:38","slug":"patrik-jahoda-druhy-v-rosenau-2","status":"publish","type":"post","link":"https:\/\/www.caths.cz\/wordpress\/patrik-jahoda-druhy-v-rosenau-2\/","title":{"rendered":"Patrik Jahoda druh\u00fd v Rosenau!"},"content":{"rendered":"<p>V\u00fdborn\u011b vstoupil do sez\u00f3ny 2016 n\u00e1\u0161 nej\u00fasp\u011b\u0161n\u011bj\u0161\u00ed handbiker sou\u010dasnosti, Patrik Jahoda (NUTREND Specialized Racing), kter\u00fd v\u00a0z\u00e1vod\u011b EHC ve francouzsk\u00e9m Rosenau obsadil druh\u00e9 m\u00edsto v\u00a0kategorii H1.<\/p>\n<p>Dob\u0159e si vedli tak\u00e9 dal\u0161\u00ed na\u0161i reprezentanti, Miroslav \u0160ulc (Handbike CR) vybojoval v\u00a0kategorii H4 jeden\u00e1ct\u00e9 m\u00edsto a Tom\u00e1\u0161 Mo\u0161ni\u010dka (Dukla Praha) byl v\u00a0po\u010detn\u011b obsazen\u00e9 kategorii H3, sedmn\u00e1ct\u00fd.<\/p>\n<p><a href=\"http:\/\/www.caths.cz\/wordpress\/wp-content\/uploads\/2016\/03\/jahoda.jpg\"><img loading=\"lazy\" decoding=\"async\" class=\"alignnone size-large wp-image-22799\" src=\"http:\/\/www.caths.cz\/wordpress\/wp-content\/uploads\/2016\/03\/jahoda-1024x608.jpg\" alt=\"jahoda\" width=\"600\" height=\"356\" srcset=\"https:\/\/www.caths.cz\/wordpress\/wp-content\/uploads\/2016\/03\/jahoda-1024x608.jpg 1024w, https:\/\/www.caths.cz\/wordpress\/wp-content\/uploads\/2016\/03\/jahoda-300x178.jpg 300w, https:\/\/www.caths.cz\/wordpress\/wp-content\/uploads\/2016\/03\/jahoda-120x71.jpg 120w, https:\/\/www.caths.cz\/wordpress\/wp-content\/uploads\/2016\/03\/jahoda.jpg 1118w\" sizes=\"auto, (max-width: 600px) 100vw, 600px\" \/><\/a><\/p>\n<p><a href=\"http:\/\/www.caths.cz\/wordpress\/wp-content\/uploads\/2016\/03\/IMG_0089.jpg\"><img loading=\"lazy\" decoding=\"async\" class=\"alignnone size-large wp-image-22801\" src=\"http:\/\/www.caths.cz\/wordpress\/wp-content\/uploads\/2016\/03\/IMG_0089-768x1024.jpg\" alt=\"IMG_0089\" width=\"600\" height=\"800\" srcset=\"https:\/\/www.caths.cz\/wordpress\/wp-content\/uploads\/2016\/03\/IMG_0089-768x1024.jpg 768w, https:\/\/www.caths.cz\/wordpress\/wp-content\/uploads\/2016\/03\/IMG_0089-225x300.jpg 225w, https:\/\/www.caths.cz\/wordpress\/wp-content\/uploads\/2016\/03\/IMG_0089-90x120.jpg 90w\" sizes=\"auto, (max-width: 600px) 100vw, 600px\" \/><\/a><\/p>\n<p><a href=\"http:\/\/www.caths.cz\/wordpress\/wp-content\/uploads\/2016\/03\/IMG_0068.jpg\"><img loading=\"lazy\" decoding=\"async\" class=\"alignnone size-large wp-image-22800\" src=\"http:\/\/www.caths.cz\/wordpress\/wp-content\/uploads\/2016\/03\/IMG_0068-768x1024.jpg\" alt=\"IMG_0068\" width=\"600\" height=\"800\" srcset=\"https:\/\/www.caths.cz\/wordpress\/wp-content\/uploads\/2016\/03\/IMG_0068-768x1024.jpg 768w, https:\/\/www.caths.cz\/wordpress\/wp-content\/uploads\/2016\/03\/IMG_0068-225x300.jpg 225w, https:\/\/www.caths.cz\/wordpress\/wp-content\/uploads\/2016\/03\/IMG_0068-90x120.jpg 90w\" sizes=\"auto, (max-width: 600px) 100vw, 600px\" \/><\/a><\/p>\n<p>&nbsp;<\/p>\n<p>&nbsp;<\/p>\n","protected":false},"excerpt":{"rendered":"<a href=\"https:\/\/www.caths.cz\/wordpress\/patrik-jahoda-druhy-v-rosenau-2\/\"><img width=\"100\" height=\"100\" src=\"https:\/\/www.caths.cz\/wordpress\/wp-content\/uploads\/2016\/03\/jahoda-100x100.jpg\" class=\"alignleft tfe wp-post-image\" alt=\"\" decoding=\"async\" loading=\"lazy\" srcset=\"https:\/\/www.caths.cz\/wordpress\/wp-content\/uploads\/2016\/03\/jahoda-100x100.jpg 100w, https:\/\/www.caths.cz\/wordpress\/wp-content\/uploads\/2016\/03\/jahoda-150x150.jpg 150w\" sizes=\"auto, (max-width: 100px) 100vw, 100px\" \/><\/a><p>V\u00fdborn\u011b vstoupil do sez\u00f3ny 2016 n\u00e1\u0161 nej\u00fasp\u011b\u0161n\u011bj\u0161\u00ed handbiker sou\u010dasnosti, Patrik Jahoda (NUTREND Specialized Racing), kter\u00fd v\u00a0z\u00e1vod\u011b EHC ve francouzsk\u00e9m Rosenau obsadil druh\u00e9 m\u00edsto v\u00a0kategorii H1. Dob\u0159e si vedli tak\u00e9 dal\u0161\u00ed [&hellip;]<\/p>\n","protected":false},"author":1,"featured_media":22799,"comment_status":"closed","ping_status":"closed","sticky":false,"template":"","format":"standard","meta":{"ngg_post_thumbnail":0,"footnotes":""},"categories":[2,9],"tags":[],"class_list":["post-22798","post","type-post","status-publish","format-standard","has-post-thumbnail","hentry","category-cyklistika","category-handbike"],"_links":{"self":[{"href":"https:\/\/www.caths.cz\/wordpress\/wp-json\/wp\/v2\/posts\/22798","targetHints":{"allow":["GET"]}}],"collection":[{"href":"https:\/\/www.caths.cz\/wordpress\/wp-json\/wp\/v2\/posts"}],"about":[{"href":"https:\/\/www.caths.cz\/wordpress\/wp-json\/wp\/v2\/types\/post"}],"author":[{"embeddable":true,"href":"https:\/\/www.caths.cz\/wordpress\/wp-json\/wp\/v2\/users\/1"}],"replies":[{"embeddable":true,"href":"https:\/\/www.caths.cz\/wordpress\/wp-json\/wp\/v2\/comments?post=22798"}],"version-history":[{"count":1,"href":"https:\/\/www.caths.cz\/wordpress\/wp-json\/wp\/v2\/posts\/22798\/revisions"}],"predecessor-version":[{"id":22802,"href":"https:\/\/www.caths.cz\/wordpress\/wp-json\/wp\/v2\/posts\/22798\/revisions\/22802"}],"wp:featuredmedia":[{"embeddable":true,"href":"https:\/\/www.caths.cz\/wordpress\/wp-json\/wp\/v2\/media\/22799"}],"wp:attachment":[{"href":"https:\/\/www.caths.cz\/wordpress\/wp-json\/wp\/v2\/media?parent=22798"}],"wp:term":[{"taxonomy":"category","embeddable":true,"href":"https:\/\/www.caths.cz\/wordpress\/wp-json\/wp\/v2\/categories?post=22798"},{"taxonomy":"post_tag","embeddable":true,"href":"https:\/\/www.caths.cz\/wordpress\/wp-json\/wp\/v2\/tags?post=22798"}],"curies":[{"name":"wp","href":"https:\/\/api.w.org\/{rel}","templated":true}]}}