{"id":22796,"date":"2016-03-27T13:14:06","date_gmt":"2016-03-27T12:14:06","guid":{"rendered":"http:\/\/www.caths.cz\/wordpress\/?p=22796"},"modified":"2016-03-27T13:14:06","modified_gmt":"2016-03-27T12:14:06","slug":"tomas-mastik-zvitezil-v-uvodnim-zavode-prazskeho-mtb-poharu-2016","status":"publish","type":"post","link":"https:\/\/www.caths.cz\/wordpress\/tomas-mastik-zvitezil-v-uvodnim-zavode-prazskeho-mtb-poharu-2016\/","title":{"rendered":"Tom\u00e1\u0161 Mast\u00edk zv\u00edt\u011bzil v \u00favodn\u00edm z\u00e1vod\u011b Pra\u017esk\u00e9ho MTB poh\u00e1ru 2016"},"content":{"rendered":"<p>Zli\u010d\u00ednsk\u00fd Bike Park byl d\u011bji\u0161t\u011bm \u00favodn\u00edho z\u00e1vodu Pra\u017esk\u00e9ho MTB poh\u00e1ru 2016 a navzdory chladn\u00e9mu a zamra\u010den\u00e9mu po\u010das\u00ed doslova praskal ve \u0161vech. P\u0159i pohledu na po\u010detn\u00e9 startovn\u00ed pole zejm\u00e9na ml\u00e1de\u017enick\u00fdch kategori\u00ed, neskr\u00fdvan\u00e9 nad\u0161en\u00ed a talent mlad\u00fdch z\u00e1vodn\u00edk\u016f si \u010desk\u00fd mountainbiking rozhodn\u011b nemus\u00ed d\u011blat starosti o budouc\u00ed n\u00e1stupce Kate\u0159iny Nash, Jaroslava Kulhav\u00e9ho, Kristi\u00e1na Hynka, Ond\u0159eje Cinka a dal\u0161\u00edch na\u0161ich sv\u011btov\u011b \u00fasp\u011b\u0161n\u00fdch biker\u016f sou\u010dasnosti.<\/p>\n<p>Z\u00e1vod\u016f se \u00fa\u010dastnila \u0159ada reprezentant\u016f \u010cesk\u00e9 republiky, pro kter\u00e9 byl \u00favodn\u00ed z\u00e1vod tuzemsk\u00e9 bikov\u00e9 sez\u00f3ny v\u00a0olympijsk\u00e9m cross country posledn\u00edm testem p\u0159ed bl\u00ed\u017e\u00edc\u00edmi se d\u016fle\u017eit\u00fdmi z\u00e1vody jarn\u00ed \u010d\u00e1sti sez\u00f3ny.<\/p>\n<p>Elitn\u00ed kategorie mu\u017e\u016f a \u017een ovl\u00e1dli po bezchybn\u00e9m a velmi p\u0159esv\u011bd\u010div\u00e9m v\u00fdkonu sourozenci Jan (Sram Mitas Trek) a Jitka (\u010cS Accolade) \u0160karnitzlovi. Druhou p\u0159\u00ed\u010dku v\u00a0kategorii mu\u017e\u016f z\u00edskal Jan Rajchart (\u010cS Accolade) p\u0159ed Michalem Kan\u011brou (Nilfisk Pro Cycling).<\/p>\n<p>Na druh\u00e9m m\u00edst\u011b v\u00a0kategorii \u017een se um\u00edstila talentovan\u00e1 Jana Czeczinkarov\u00e1 (Sram Mitas Trek) pro kterou byl zli\u010d\u00ednsk\u00fd z\u00e1vod premi\u00e9rou v kategorii \u017een a t\u0159et\u00ed m\u00edsto obsadila dal\u0161\u00ed \u010desk\u00e1 reprezentantka Lucie Vesel\u00e1 (GT Oppurtunity Brno).<\/p>\n<p>V\u00a0kategori\u00edch junior\u016f zv\u00edt\u011bzili Ad\u00e9lka \u0160af\u00e1\u0159ov\u00e1 (NUTREND Specialized Racing) a Josef Jel\u00ednek (Sram Mitas Trek).<\/p>\n<p>Ji\u017e \u010dtvrt\u00fdm rokem je sou\u010d\u00e1st\u00ed programu z\u00e1vod\u016f Pra\u017esk\u00e9ho MTB poh\u00e1ru i z\u00e1vod handicapovan\u00fdch cyklist\u016f.Nejinak tomu bylo i tuto sobotu ve Zli\u010d\u00edn\u011b. Z\u00e1vod zde vyhr\u00e1l Tom\u00e1\u0161 Mast\u00edk z \u010cern\u00fdch kon\u00ed.<\/p>\n<p>Pra\u017esk\u00fd MTB poh\u00e1r 2016 v\u00a0olympijsk\u00e9m cross country pro v\u0161echny v\u011bkov\u00e9 a v\u00fdkonnostn\u00ed kategorie v\u010detn\u011b handicapovan\u00fdch cyklist\u016f bude pokra\u010dovat druh\u00fdm z\u00e1vodem v\u00a0pra\u017esk\u00fdch Kbel\u00edch, kter\u00fd se uskute\u010dn\u00ed\u00a015. kv\u011btna 2016.<\/p>\n<p>V\u00fdsledky 1. kola Pra\u017esk\u00e9ho MTB poh\u00e1ru 2016: <a href=\"http:\/\/prahamtb.cz\/?p=4203\">ZDE<\/a><br \/>\nFotogalerie Barbory Klap z 1. kola Pra\u017esk\u00e9ho MTB poh\u00e1ru 2016: <a href=\"http:\/\/prahamtb.cz\/?p=4208\">ZDE<\/a><br \/>\nFotogalerie Tom\u00e1\u0161e Drbohlava z\u00a01. kola Pra\u017esk\u00e9ho MTB poh\u00e1ru 2016:\u00a0<a href=\"http:\/\/prahamtb.cz\/?p=4212\">ZDE<\/a><\/p>\n<p><a href=\"http:\/\/prahamtb.cz\/wp-content\/uploads\/2016\/03\/198.jpg\" rel=\"lightbox\"><img loading=\"lazy\" decoding=\"async\" class=\"alignnone size-medium wp-image-4222\" src=\"http:\/\/prahamtb.cz\/wp-content\/uploads\/2016\/03\/198-600x400.jpg\" alt=\"198\" width=\"600\" height=\"400\" \/><\/a><\/p>\n<p><a href=\"http:\/\/prahamtb.cz\/wp-content\/uploads\/2016\/03\/236.jpg\" rel=\"lightbox\"><img loading=\"lazy\" decoding=\"async\" class=\"alignnone size-medium wp-image-4223\" src=\"http:\/\/prahamtb.cz\/wp-content\/uploads\/2016\/03\/236-600x400.jpg\" alt=\"236\" width=\"600\" height=\"400\" \/><\/a><\/p>\n<p>&nbsp;<\/p>\n","protected":false},"excerpt":{"rendered":"<a href=\"https:\/\/www.caths.cz\/wordpress\/tomas-mastik-zvitezil-v-uvodnim-zavode-prazskeho-mtb-poharu-2016\/\"><img loading=\"lazy\" decoding=\"async\" width=\"100\" height=\"100\" src=\"https:\/\/www.caths.cz\/wordpress\/wp-content\/plugins\/thumbnail-for-excerpts\/tfe_no_thumb.png\" class=\"alignleft wp-post-image tfe\" alt=\"\" title=\"\" \/><\/a><p>Zli\u010d\u00ednsk\u00fd Bike Park byl d\u011bji\u0161t\u011bm \u00favodn\u00edho z\u00e1vodu Pra\u017esk\u00e9ho MTB poh\u00e1ru 2016 a navzdory chladn\u00e9mu a zamra\u010den\u00e9mu po\u010das\u00ed doslova praskal ve \u0161vech. P\u0159i pohledu na po\u010detn\u00e9 startovn\u00ed pole zejm\u00e9na ml\u00e1de\u017enick\u00fdch kategori\u00ed, [&hellip;]<\/p>\n","protected":false},"author":1,"featured_media":0,"comment_status":"closed","ping_status":"closed","sticky":false,"template":"","format":"standard","meta":{"ngg_post_thumbnail":0,"footnotes":""},"categories":[1],"tags":[],"class_list":["post-22796","post","type-post","status-publish","format-standard","hentry","category-nezarazene"],"_links":{"self":[{"href":"https:\/\/www.caths.cz\/wordpress\/wp-json\/wp\/v2\/posts\/22796","targetHints":{"allow":["GET"]}}],"collection":[{"href":"https:\/\/www.caths.cz\/wordpress\/wp-json\/wp\/v2\/posts"}],"about":[{"href":"https:\/\/www.caths.cz\/wordpress\/wp-json\/wp\/v2\/types\/post"}],"author":[{"embeddable":true,"href":"https:\/\/www.caths.cz\/wordpress\/wp-json\/wp\/v2\/users\/1"}],"replies":[{"embeddable":true,"href":"https:\/\/www.caths.cz\/wordpress\/wp-json\/wp\/v2\/comments?post=22796"}],"version-history":[{"count":1,"href":"https:\/\/www.caths.cz\/wordpress\/wp-json\/wp\/v2\/posts\/22796\/revisions"}],"predecessor-version":[{"id":22797,"href":"https:\/\/www.caths.cz\/wordpress\/wp-json\/wp\/v2\/posts\/22796\/revisions\/22797"}],"wp:attachment":[{"href":"https:\/\/www.caths.cz\/wordpress\/wp-json\/wp\/v2\/media?parent=22796"}],"wp:term":[{"taxonomy":"category","embeddable":true,"href":"https:\/\/www.caths.cz\/wordpress\/wp-json\/wp\/v2\/categories?post=22796"},{"taxonomy":"post_tag","embeddable":true,"href":"https:\/\/www.caths.cz\/wordpress\/wp-json\/wp\/v2\/tags?post=22796"}],"curies":[{"name":"wp","href":"https:\/\/api.w.org\/{rel}","templated":true}]}}