{"id":22793,"date":"2016-03-24T23:08:53","date_gmt":"2016-03-24T22:08:53","guid":{"rendered":"http:\/\/www.caths.cz\/wordpress\/?p=22793"},"modified":"2016-03-24T23:08:53","modified_gmt":"2016-03-24T22:08:53","slug":"para-archery-svetovy-zebrickovy-a-paralympijsky-kvalifikacni-turnaje-v-novem-meste-nad-metuji","status":"publish","type":"post","link":"https:\/\/www.caths.cz\/wordpress\/para-archery-svetovy-zebrickovy-a-paralympijsky-kvalifikacni-turnaje-v-novem-meste-nad-metuji\/","title":{"rendered":"Para-Archery sv\u011btov\u00fd \u017eeb\u0159\u00ed\u010dkov\u00fd a paralympijsk\u00fd kvalifika\u010dn\u00ed turnaje v Nov\u00e9m M\u011bst\u011b nad Metuj\u00ed"},"content":{"rendered":"<p><em>P\u0159edb\u011b\u017en\u00e9 p\u0159ihl\u00e1\u0161ky se mno\u017e\u00ed i po uz\u00e1v\u011brce a potvrzuj\u00ed atraktivitu turnaj\u016f v\u00a0Nov\u00e9m M\u011bst\u011b 2016<\/em><\/p>\n<p><em>\/aktualizov\u00e1no 24. b\u0159ezna 2016\/<\/em><\/p>\n<p><em>374 p\u0159ihl\u00e1\u0161ek v\u010detn\u011b 237 lukost\u0159elc\u016f a 137 osob doprovodu z\u00a037 zem\u00ed\u00a0 eviduje ke konci b\u0159ezna p\u0159edb\u011b\u017en\u011b registra\u010dn\u00ed on-line syst\u00e9m. <\/em><\/p>\n<p><em>Na turnaje, kter\u00e9 se v\u00a0Nov\u00e9m M\u011bst\u011b nad Metuj\u00ed uskute\u010dn\u00ed ve dnech 10.-20.\u010dervna 2016, doraz\u00ed skute\u010dn\u011b glob\u00e1ln\u00ed lukost\u0159eleck\u00e1 rodina ze zem\u00ed jako je:\u00a0 ARG, AUS, AUT, BRA, CAN, CZE, ESP, FIN, FRA, GBR, GER, IRI, IRL, IRQ, ISL, ITA, JPN, KAZ, KOR, LAT, MAS, MGL, NED, NOR, POL, RSA, RUS, SIN, SRI, SUI, SVK, SWE, THA, TPE, TUR, UKR a USA.<\/em><\/p>\n<p><em>Jednotliv\u00e9 kategorie by m\u011bly b\u00fdt obsazeny: 58 RMO, 34 RWO, 66 CMO, 43 CWO, 24 MW1 a 12 WW1.<\/em><\/p>\n<p><em>Tyto po\u010dty znamenaj\u00ed, \u017ee se s\u00a0nejv\u011bt\u0161\u00ed pravd\u011bpodobnost\u00ed zm\u011bn\u00ed sm\u011br st\u0159elby na\u0161\u00ed\u0159 stadionu; are\u00e1l Sportovn\u00edho klubu v\u016fbec projde testem vybavenosti st\u0159elnice i z\u00e1zem\u00ed. Velkou v\u00fdzvou pro po\u0159adatele bude tak\u00e9 ubytov\u00e1n\u00ed a doprava v\u0161ech \u00fa\u010dastn\u00edk\u016f a \u010dinovn\u00edk\u016f.<\/em><\/p>\n<p><em>Nicm\u00e9n\u011b, po\u0159adatel\u00e9 v\u00a0\u00fazk\u00e9 spolupr\u00e1ci s\u00a0radnic\u00ed se mohou t\u011b\u0161it na skute\u010dn\u00fd sportovn\u00ed sv\u00e1tek, kter\u00fd bude nesporn\u011b \u201etav\u00edc\u00edm kotl\u00edkem\u201c n\u00e1rod\u016f, jazyk\u016f, kultur a vyzn\u00e1n\u00ed.<\/em><\/p>\n<p><em>Nav\u00edc se turnaje letos uskute\u010dn\u00ed soub\u011b\u017en\u011b s\u00a0tradi\u010dn\u00edm festivalem filmov\u00e9 komedie \u201eHrnec sm\u00edchu\u201c.<\/em><\/p>\n<p><em>Fin\u00e1le jednotlivc\u016f a dru\u017estev se potom o v\u00edkendu 18. a 19. \u010dervna p\u0159esunou ze stadionu na historick\u00e9 Husovo n\u00e1m\u011bst\u00ed, co\u017e bude dal\u0161\u00ed z\u00a0miln\u00edk\u016f po\u0159\u00e1d\u00e1n\u00ed paralympijsk\u00fdch akc\u00ed v\u00a0Nov\u00e9m M\u011bst\u011b nad Metuj\u00ed.<\/em><\/p>\n<p><em>P\u0159esto\u017ee se po\u010dty \u00fa\u010dastn\u00edk\u016f mohou je\u0161t\u011b trochu m\u011bnit do uz\u00e1v\u011brky p\u0159ihl\u00e1\u0161ek 23. kv\u011btna, je nasnad\u011b, \u017ee Sv\u011btov\u00fd \u017eeb\u0159\u00ed\u010dkov\u00fd turnaj a posledn\u00ed kvalifika\u010dn\u00ed p\u0159\u00edle\u017eitost pro Rio 2016 p\u0159il\u00e1kaly nejpo\u010detn\u011bj\u0161\u00ed a nejpest\u0159ej\u0161\u00ed startovn\u00ed pole v\u00a0cel\u00e9 30let\u00e9 historii paralympijsk\u00fdch projekt\u016f v\u00a0Nov\u00e9m M\u011bst\u011b nad Metuj\u00ed a tamn\u00edho Sportovn\u00edho klubu.<\/em><\/p>\n<p><em>Po\u0159adatel\u00e9 p\u0159ej\u00ed v\u0161em lukost\u0159elc\u016fm a jejich t\u00fdm\u016fm hodn\u011b \u0161t\u011bst\u00ed a co nejlep\u0161\u00ed podm\u00ednky pro p\u0159\u00edpravu na turnaj.<\/em><\/p>\n<p><em>David \u0160najdr<\/em><\/p>\n<p><a href=\"http:\/\/www.caths.cz\/wordpress\/wp-content\/uploads\/2016\/03\/logo-PQ2016-s-textem.jpg\"><img loading=\"lazy\" decoding=\"async\" class=\"alignnone size-full wp-image-22794\" src=\"http:\/\/www.caths.cz\/wordpress\/wp-content\/uploads\/2016\/03\/logo-PQ2016-s-textem.jpg\" alt=\"logo PQ2016 s textem\" width=\"235\" height=\"290\" srcset=\"https:\/\/www.caths.cz\/wordpress\/wp-content\/uploads\/2016\/03\/logo-PQ2016-s-textem.jpg 235w, https:\/\/www.caths.cz\/wordpress\/wp-content\/uploads\/2016\/03\/logo-PQ2016-s-textem-97x120.jpg 97w\" sizes=\"auto, (max-width: 235px) 100vw, 235px\" \/><\/a><\/p>\n<p>&nbsp;<\/p>\n","protected":false},"excerpt":{"rendered":"<a href=\"https:\/\/www.caths.cz\/wordpress\/para-archery-svetovy-zebrickovy-a-paralympijsky-kvalifikacni-turnaje-v-novem-meste-nad-metuji\/\"><img width=\"100\" height=\"100\" src=\"https:\/\/www.caths.cz\/wordpress\/wp-content\/uploads\/2016\/03\/logo-PQ2016-s-textem-100x100.jpg\" class=\"alignleft tfe wp-post-image\" alt=\"\" decoding=\"async\" loading=\"lazy\" srcset=\"https:\/\/www.caths.cz\/wordpress\/wp-content\/uploads\/2016\/03\/logo-PQ2016-s-textem-100x100.jpg 100w, https:\/\/www.caths.cz\/wordpress\/wp-content\/uploads\/2016\/03\/logo-PQ2016-s-textem-150x150.jpg 150w\" sizes=\"auto, (max-width: 100px) 100vw, 100px\" \/><\/a><p>P\u0159edb\u011b\u017en\u00e9 p\u0159ihl\u00e1\u0161ky se mno\u017e\u00ed i po uz\u00e1v\u011brce a potvrzuj\u00ed atraktivitu turnaj\u016f v\u00a0Nov\u00e9m M\u011bst\u011b 2016 \/aktualizov\u00e1no 24. b\u0159ezna 2016\/ 374 p\u0159ihl\u00e1\u0161ek v\u010detn\u011b 237 lukost\u0159elc\u016f a 137 osob doprovodu z\u00a037 zem\u00ed\u00a0 eviduje [&hellip;]<\/p>\n","protected":false},"author":1,"featured_media":22794,"comment_status":"closed","ping_status":"closed","sticky":false,"template":"","format":"standard","meta":{"ngg_post_thumbnail":0,"footnotes":""},"categories":[13],"tags":[],"class_list":["post-22793","post","type-post","status-publish","format-standard","has-post-thumbnail","hentry","category-lukostrelba"],"_links":{"self":[{"href":"https:\/\/www.caths.cz\/wordpress\/wp-json\/wp\/v2\/posts\/22793","targetHints":{"allow":["GET"]}}],"collection":[{"href":"https:\/\/www.caths.cz\/wordpress\/wp-json\/wp\/v2\/posts"}],"about":[{"href":"https:\/\/www.caths.cz\/wordpress\/wp-json\/wp\/v2\/types\/post"}],"author":[{"embeddable":true,"href":"https:\/\/www.caths.cz\/wordpress\/wp-json\/wp\/v2\/users\/1"}],"replies":[{"embeddable":true,"href":"https:\/\/www.caths.cz\/wordpress\/wp-json\/wp\/v2\/comments?post=22793"}],"version-history":[{"count":1,"href":"https:\/\/www.caths.cz\/wordpress\/wp-json\/wp\/v2\/posts\/22793\/revisions"}],"predecessor-version":[{"id":22795,"href":"https:\/\/www.caths.cz\/wordpress\/wp-json\/wp\/v2\/posts\/22793\/revisions\/22795"}],"wp:featuredmedia":[{"embeddable":true,"href":"https:\/\/www.caths.cz\/wordpress\/wp-json\/wp\/v2\/media\/22794"}],"wp:attachment":[{"href":"https:\/\/www.caths.cz\/wordpress\/wp-json\/wp\/v2\/media?parent=22793"}],"wp:term":[{"taxonomy":"category","embeddable":true,"href":"https:\/\/www.caths.cz\/wordpress\/wp-json\/wp\/v2\/categories?post=22793"},{"taxonomy":"post_tag","embeddable":true,"href":"https:\/\/www.caths.cz\/wordpress\/wp-json\/wp\/v2\/tags?post=22793"}],"curies":[{"name":"wp","href":"https:\/\/api.w.org\/{rel}","templated":true}]}}