{"id":22789,"date":"2016-03-20T23:13:01","date_gmt":"2016-03-20T22:13:01","guid":{"rendered":"http:\/\/www.caths.cz\/wordpress\/?p=22789"},"modified":"2016-03-20T23:13:01","modified_gmt":"2016-03-20T22:13:01","slug":"posledni-den-drahovych-soutezi-na-mistrovstvi-sveta-v-italskem-montichiari","status":"publish","type":"post","link":"https:\/\/www.caths.cz\/wordpress\/posledni-den-drahovych-soutezi-na-mistrovstvi-sveta-v-italskem-montichiari\/","title":{"rendered":"Posledn\u00ed den dr\u00e1hov\u00fdch sout\u011b\u017e\u00ed na mistrovstv\u00ed sv\u011bta v italsk\u00e9m Montichiari"},"content":{"rendered":"<p>V\u00a0dopoledn\u00edm t\u00fdmov\u00e9m sprintu obsadila \u010desk\u00e1 trojice Koblasa, Kajnar, Bou\u0161ka dev\u00e1t\u00e9 m\u00edsto v\u00a0\u010dase 54: 483. Ve fin\u00e1lov\u00fdch j\u00edzd\u00e1ch z\u00e1vodu ve scratchi nejprve Ivo Koblasa v\u00a0hromadn\u00e9m spurtu kategorie C1-3 po velmi dobr\u00e9m v\u00fdkonu v\u00a0pr\u016fb\u011bhu cel\u00e9ho z\u00e1vodu obsadil dev\u00e1t\u00e9 m\u00edsto a ve fin\u00e1lov\u00e9 j\u00edzd\u011b ve scratchi kategori\u00ed C4 \u2013 5 dojel Ji\u0159\u00ed Je\u017eek v\u00a0hlavn\u00edm poli jako sedmn\u00e1ct\u00fd.<\/p>\n<p>\u010cesk\u00e1 v\u00fdprava handicapovan\u00fdch cyklist\u016f tentokr\u00e1t nez\u00edskala na dr\u00e1hov\u00e9m mistrovstv\u00ed \u017e\u00e1dn\u00fd cenn\u00fd kov, nicm\u00e9n\u011b na\u0161i cyklist\u00e9 se dok\u00e1zali celkem dev\u011btkr\u00e1t um\u00edstit v\u00a0elitn\u00ed sv\u011btov\u00e9 des\u00edtce, co\u017e je velmi d\u016fle\u017eit\u00e9 pro udr\u017een\u00ed postaven\u00ed \u010desk\u00e9 reprezentace v\u00a0\u017eeb\u0159\u00ed\u010dku n\u00e1rod\u016f pro letn\u00ed paralympijsk\u00e9 hry Rio 2016.<\/p>\n<p>Dr\u00e1hov\u00fdm mistrovstv\u00edm sv\u011bta v\u00a0italsk\u00e9m Montichiari se uzav\u0159el paralympijsk\u00fd ranking UCI a reprezentace cel\u00e9ho sv\u011bta budou nyn\u00ed netrp\u011bliv\u011b \u010dekat na v\u00fdsledn\u00fd sou\u010det, kter\u00fd ur\u010d\u00ed definitivn\u00ed podobu \u00fa\u010dastnick\u00fdch kv\u00f3t pro paralympi\u00e1du v\u00a0Riu. V\u00fdsledn\u00e9 kv\u00f3ty pro Rio ozn\u00e1m\u00ed Mezin\u00e1rodn\u00ed cyklistick\u00e1 federace UCI na po\u010d\u00e1tku dubna.<\/p>\n<p><a href=\"http:\/\/www.caths.cz\/wordpress\/wp-content\/uploads\/2016\/03\/team-sprint-CZE.jpg\"><img loading=\"lazy\" decoding=\"async\" class=\"alignnone size-large wp-image-22790\" src=\"http:\/\/www.caths.cz\/wordpress\/wp-content\/uploads\/2016\/03\/team-sprint-CZE-1024x576.jpg\" alt=\"team sprint CZE\" width=\"600\" height=\"338\" srcset=\"https:\/\/www.caths.cz\/wordpress\/wp-content\/uploads\/2016\/03\/team-sprint-CZE-1024x576.jpg 1024w, https:\/\/www.caths.cz\/wordpress\/wp-content\/uploads\/2016\/03\/team-sprint-CZE-300x169.jpg 300w, https:\/\/www.caths.cz\/wordpress\/wp-content\/uploads\/2016\/03\/team-sprint-CZE-120x68.jpg 120w, https:\/\/www.caths.cz\/wordpress\/wp-content\/uploads\/2016\/03\/team-sprint-CZE.jpg 1200w\" sizes=\"auto, (max-width: 600px) 100vw, 600px\" \/><\/a><\/p>\n","protected":false},"excerpt":{"rendered":"<a href=\"https:\/\/www.caths.cz\/wordpress\/posledni-den-drahovych-soutezi-na-mistrovstvi-sveta-v-italskem-montichiari\/\"><img width=\"100\" height=\"100\" src=\"https:\/\/www.caths.cz\/wordpress\/wp-content\/uploads\/2016\/03\/team-sprint-CZE-100x100.jpg\" class=\"alignleft tfe wp-post-image\" alt=\"\" decoding=\"async\" loading=\"lazy\" srcset=\"https:\/\/www.caths.cz\/wordpress\/wp-content\/uploads\/2016\/03\/team-sprint-CZE-100x100.jpg 100w, https:\/\/www.caths.cz\/wordpress\/wp-content\/uploads\/2016\/03\/team-sprint-CZE-150x150.jpg 150w\" sizes=\"auto, (max-width: 100px) 100vw, 100px\" \/><\/a><p>V\u00a0dopoledn\u00edm t\u00fdmov\u00e9m sprintu obsadila \u010desk\u00e1 trojice Koblasa, Kajnar, Bou\u0161ka dev\u00e1t\u00e9 m\u00edsto v\u00a0\u010dase 54: 483. Ve fin\u00e1lov\u00fdch j\u00edzd\u00e1ch z\u00e1vodu ve scratchi nejprve Ivo Koblasa v\u00a0hromadn\u00e9m spurtu kategorie C1-3 po velmi dobr\u00e9m [&hellip;]<\/p>\n","protected":false},"author":1,"featured_media":22790,"comment_status":"closed","ping_status":"closed","sticky":false,"template":"","format":"standard","meta":{"ngg_post_thumbnail":0,"footnotes":""},"categories":[2],"tags":[],"class_list":["post-22789","post","type-post","status-publish","format-standard","has-post-thumbnail","hentry","category-cyklistika"],"_links":{"self":[{"href":"https:\/\/www.caths.cz\/wordpress\/wp-json\/wp\/v2\/posts\/22789","targetHints":{"allow":["GET"]}}],"collection":[{"href":"https:\/\/www.caths.cz\/wordpress\/wp-json\/wp\/v2\/posts"}],"about":[{"href":"https:\/\/www.caths.cz\/wordpress\/wp-json\/wp\/v2\/types\/post"}],"author":[{"embeddable":true,"href":"https:\/\/www.caths.cz\/wordpress\/wp-json\/wp\/v2\/users\/1"}],"replies":[{"embeddable":true,"href":"https:\/\/www.caths.cz\/wordpress\/wp-json\/wp\/v2\/comments?post=22789"}],"version-history":[{"count":1,"href":"https:\/\/www.caths.cz\/wordpress\/wp-json\/wp\/v2\/posts\/22789\/revisions"}],"predecessor-version":[{"id":22791,"href":"https:\/\/www.caths.cz\/wordpress\/wp-json\/wp\/v2\/posts\/22789\/revisions\/22791"}],"wp:featuredmedia":[{"embeddable":true,"href":"https:\/\/www.caths.cz\/wordpress\/wp-json\/wp\/v2\/media\/22790"}],"wp:attachment":[{"href":"https:\/\/www.caths.cz\/wordpress\/wp-json\/wp\/v2\/media?parent=22789"}],"wp:term":[{"taxonomy":"category","embeddable":true,"href":"https:\/\/www.caths.cz\/wordpress\/wp-json\/wp\/v2\/categories?post=22789"},{"taxonomy":"post_tag","embeddable":true,"href":"https:\/\/www.caths.cz\/wordpress\/wp-json\/wp\/v2\/tags?post=22789"}],"curies":[{"name":"wp","href":"https:\/\/api.w.org\/{rel}","templated":true}]}}