{"id":22782,"date":"2016-03-19T23:31:16","date_gmt":"2016-03-19T22:31:16","guid":{"rendered":"http:\/\/www.caths.cz\/wordpress\/?p=22782"},"modified":"2016-03-19T23:32:51","modified_gmt":"2016-03-19T22:32:51","slug":"tomas-kajnar-sesty-ve-stihacim-zavode-na-4000-metru","status":"publish","type":"post","link":"https:\/\/www.caths.cz\/wordpress\/tomas-kajnar-sesty-ve-stihacim-zavode-na-4000-metru\/","title":{"rendered":"Tom\u00e1\u0161 Kajnar \u0161est\u00fd ve st\u00edhac\u00edm z\u00e1vod\u011b na 4000 metr\u016f!"},"content":{"rendered":"<p>Zat\u00edm nejlep\u0161\u00ed v\u00fdsledek v\u00a0kari\u00e9\u0159e se vyda\u0159il Tom\u00e1\u0161ovi Kajnarovi na dr\u00e1hov\u00e9m mistrovstv\u00ed sv\u011bta handicapovan\u00fdch cyklist\u016f v\u00a0italsk\u00e9m Montichiari, kdy\u017e ve st\u00edhac\u00edm\u00a0z\u00e1vod\u011b na 4000 metr\u016f kategorie C5 obsadil v\u00fdborn\u00e9 6. m\u00edsto.<\/p>\n<p>Z\u00e1vodn\u00edk t\u00fdmu Nutrend Specialized Racing vylep\u0161il n\u00e1rodn\u00ed rekord t\u00e9to kategorie, kter\u00fd m\u00e1 nyn\u00ed hodnotu 4:40:409, co\u017e p\u0159edstavuje zlep\u0161en\u00ed o v\u00edce ne\u017e 17 sekund!<\/p>\n<p>Tom\u00e1\u0161ovi se na leto\u0161n\u00edm mistrovstv\u00ed sv\u011bta mimo\u0159\u00e1dn\u011b da\u0159\u00ed, v\u00a0p\u00e1tek se mu poda\u0159ilo vylep\u0161it \u010desk\u00fd rekord i v\u00a0z\u00e1vod\u011b na 1000 metr\u016f.<\/p>\n<p>V\u00a0kategorii C4 se Ji\u0159\u00edmu Je\u017ekovi bohu\u017eel nepoda\u0159ilo uplatnit slibnou formu, kterou prokazoval v\u00a0posledn\u00ed dob\u011b a z\u00e1vod dokon\u010dil na dev\u00e1t\u00e9m m\u00edst\u011b \u010dasem 4:50:599. Neda\u0159ilo se ani Ji\u0159\u00edmu Bou\u0161kovi, kter\u00fd v\u00a0\u010dase 4:56:265 obsadil dvan\u00e1ct\u00e9 m\u00edsto.<\/p>\n<p>Ve ve\u010dern\u00edch rozj\u00ed\u017e\u010fk\u00e1ch scratche kategori\u00ed C4 \u2013 C5 postoupil do ned\u011bln\u00edho fin\u00e1le Ji\u0159\u00ed Je\u017eek.<\/p>\n<p><em>Foto: So\u0148a Je\u017ekov\u00e1<\/em><\/p>\n<p><a href=\"http:\/\/www.caths.cz\/wordpress\/wp-content\/uploads\/2016\/03\/Kajnar.jpg\"><img loading=\"lazy\" decoding=\"async\" class=\"alignnone size-full wp-image-22783\" src=\"http:\/\/www.caths.cz\/wordpress\/wp-content\/uploads\/2016\/03\/Kajnar.jpg\" alt=\"Kajnar\" width=\"706\" height=\"1000\" srcset=\"https:\/\/www.caths.cz\/wordpress\/wp-content\/uploads\/2016\/03\/Kajnar.jpg 706w, https:\/\/www.caths.cz\/wordpress\/wp-content\/uploads\/2016\/03\/Kajnar-212x300.jpg 212w, https:\/\/www.caths.cz\/wordpress\/wp-content\/uploads\/2016\/03\/Kajnar-85x120.jpg 85w\" sizes=\"auto, (max-width: 706px) 100vw, 706px\" \/><\/a><\/p>\n<p>&nbsp;<\/p>\n<p><a href=\"http:\/\/www.caths.cz\/wordpress\/wp-content\/uploads\/2016\/03\/Jezek.jpg\"><img loading=\"lazy\" decoding=\"async\" class=\"alignnone size-full wp-image-22784\" src=\"http:\/\/www.caths.cz\/wordpress\/wp-content\/uploads\/2016\/03\/Jezek.jpg\" alt=\"Jezek\" width=\"662\" height=\"960\" srcset=\"https:\/\/www.caths.cz\/wordpress\/wp-content\/uploads\/2016\/03\/Jezek.jpg 662w, https:\/\/www.caths.cz\/wordpress\/wp-content\/uploads\/2016\/03\/Jezek-207x300.jpg 207w, https:\/\/www.caths.cz\/wordpress\/wp-content\/uploads\/2016\/03\/Jezek-83x120.jpg 83w\" sizes=\"auto, (max-width: 662px) 100vw, 662px\" \/><\/a><\/p>\n<p><a href=\"http:\/\/www.caths.cz\/wordpress\/wp-content\/uploads\/2016\/03\/10553708_10153522234142219_4251032616490531715_o.jpg\"><img loading=\"lazy\" decoding=\"async\" class=\"alignnone size-large wp-image-22785\" src=\"http:\/\/www.caths.cz\/wordpress\/wp-content\/uploads\/2016\/03\/10553708_10153522234142219_4251032616490531715_o-1024x683.jpg\" alt=\"10553708_10153522234142219_4251032616490531715_o\" width=\"600\" height=\"400\" srcset=\"https:\/\/www.caths.cz\/wordpress\/wp-content\/uploads\/2016\/03\/10553708_10153522234142219_4251032616490531715_o-1024x683.jpg 1024w, https:\/\/www.caths.cz\/wordpress\/wp-content\/uploads\/2016\/03\/10553708_10153522234142219_4251032616490531715_o-300x200.jpg 300w, https:\/\/www.caths.cz\/wordpress\/wp-content\/uploads\/2016\/03\/10553708_10153522234142219_4251032616490531715_o-120x80.jpg 120w, https:\/\/www.caths.cz\/wordpress\/wp-content\/uploads\/2016\/03\/10553708_10153522234142219_4251032616490531715_o.jpg 2048w\" sizes=\"auto, (max-width: 600px) 100vw, 600px\" \/><\/a><\/p>\n<p><a href=\"http:\/\/www.caths.cz\/wordpress\/wp-content\/uploads\/2016\/03\/Jezek_Kajnar.jpg\"><img loading=\"lazy\" decoding=\"async\" class=\"alignnone size-large wp-image-22786\" src=\"http:\/\/www.caths.cz\/wordpress\/wp-content\/uploads\/2016\/03\/Jezek_Kajnar-1024x683.jpg\" alt=\"Jezek_Kajnar\" width=\"600\" height=\"400\" srcset=\"https:\/\/www.caths.cz\/wordpress\/wp-content\/uploads\/2016\/03\/Jezek_Kajnar-1024x683.jpg 1024w, https:\/\/www.caths.cz\/wordpress\/wp-content\/uploads\/2016\/03\/Jezek_Kajnar-300x200.jpg 300w, https:\/\/www.caths.cz\/wordpress\/wp-content\/uploads\/2016\/03\/Jezek_Kajnar-120x80.jpg 120w, https:\/\/www.caths.cz\/wordpress\/wp-content\/uploads\/2016\/03\/Jezek_Kajnar.jpg 2048w\" sizes=\"auto, (max-width: 600px) 100vw, 600px\" \/><\/a><\/p>\n","protected":false},"excerpt":{"rendered":"<a href=\"https:\/\/www.caths.cz\/wordpress\/tomas-kajnar-sesty-ve-stihacim-zavode-na-4000-metru\/\"><img width=\"100\" height=\"100\" src=\"https:\/\/www.caths.cz\/wordpress\/wp-content\/uploads\/2016\/03\/Kajnar-100x100.jpg\" class=\"alignleft tfe wp-post-image\" alt=\"\" decoding=\"async\" loading=\"lazy\" srcset=\"https:\/\/www.caths.cz\/wordpress\/wp-content\/uploads\/2016\/03\/Kajnar-100x100.jpg 100w, https:\/\/www.caths.cz\/wordpress\/wp-content\/uploads\/2016\/03\/Kajnar-150x150.jpg 150w\" sizes=\"auto, (max-width: 100px) 100vw, 100px\" \/><\/a><p>Zat\u00edm nejlep\u0161\u00ed v\u00fdsledek v\u00a0kari\u00e9\u0159e se vyda\u0159il Tom\u00e1\u0161ovi Kajnarovi na dr\u00e1hov\u00e9m mistrovstv\u00ed sv\u011bta handicapovan\u00fdch cyklist\u016f v\u00a0italsk\u00e9m Montichiari, kdy\u017e ve st\u00edhac\u00edm\u00a0z\u00e1vod\u011b na 4000 metr\u016f kategorie C5 obsadil v\u00fdborn\u00e9 6. m\u00edsto. Z\u00e1vodn\u00edk t\u00fdmu [&hellip;]<\/p>\n","protected":false},"author":1,"featured_media":22783,"comment_status":"closed","ping_status":"closed","sticky":false,"template":"","format":"standard","meta":{"ngg_post_thumbnail":0,"footnotes":""},"categories":[2],"tags":[],"class_list":["post-22782","post","type-post","status-publish","format-standard","has-post-thumbnail","hentry","category-cyklistika"],"_links":{"self":[{"href":"https:\/\/www.caths.cz\/wordpress\/wp-json\/wp\/v2\/posts\/22782","targetHints":{"allow":["GET"]}}],"collection":[{"href":"https:\/\/www.caths.cz\/wordpress\/wp-json\/wp\/v2\/posts"}],"about":[{"href":"https:\/\/www.caths.cz\/wordpress\/wp-json\/wp\/v2\/types\/post"}],"author":[{"embeddable":true,"href":"https:\/\/www.caths.cz\/wordpress\/wp-json\/wp\/v2\/users\/1"}],"replies":[{"embeddable":true,"href":"https:\/\/www.caths.cz\/wordpress\/wp-json\/wp\/v2\/comments?post=22782"}],"version-history":[{"count":2,"href":"https:\/\/www.caths.cz\/wordpress\/wp-json\/wp\/v2\/posts\/22782\/revisions"}],"predecessor-version":[{"id":22788,"href":"https:\/\/www.caths.cz\/wordpress\/wp-json\/wp\/v2\/posts\/22782\/revisions\/22788"}],"wp:featuredmedia":[{"embeddable":true,"href":"https:\/\/www.caths.cz\/wordpress\/wp-json\/wp\/v2\/media\/22783"}],"wp:attachment":[{"href":"https:\/\/www.caths.cz\/wordpress\/wp-json\/wp\/v2\/media?parent=22782"}],"wp:term":[{"taxonomy":"category","embeddable":true,"href":"https:\/\/www.caths.cz\/wordpress\/wp-json\/wp\/v2\/categories?post=22782"},{"taxonomy":"post_tag","embeddable":true,"href":"https:\/\/www.caths.cz\/wordpress\/wp-json\/wp\/v2\/tags?post=22782"}],"curies":[{"name":"wp","href":"https:\/\/api.w.org\/{rel}","templated":true}]}}