{"id":2278,"date":"2012-07-13T10:04:25","date_gmt":"2012-07-13T09:04:25","guid":{"rendered":"http:\/\/www.caths.cz\/wordpress\/?p=2278"},"modified":"2012-07-13T10:04:25","modified_gmt":"2012-07-13T09:04:25","slug":"cykliste-pojedou-v-hustopecich-o-tituly-mistru-ceske-republiky","status":"publish","type":"post","link":"https:\/\/www.caths.cz\/wordpress\/cykliste-pojedou-v-hustopecich-o-tituly-mistru-ceske-republiky\/","title":{"rendered":"Cyklist\u00e9 pojedou v Hustope\u010d\u00edch o tituly Mistr\u016f \u010cesk\u00e9 republiky"},"content":{"rendered":"<p align=\"justify\">Bl\u00ed\u017e\u00edc\u00ed se v\u00edkend bude v\u00fdznamn\u00fdm pro handicapovan\u00e9 cyklisty, kte\u0159\u00ed v Hustope\u010d\u00edch budou bojovat o tituly Mistr\u016f \u010cesk\u00e9 republiky v kategori\u00edch stoj\u00edc\u00edch cyklist\u016f, tandem\u016f a handbike.<\/p>\n<p align=\"justify\">Na startu bohu\u017eel neuvid\u00edme \u010derstv\u00e9 dr\u017eitele Sv\u011btov\u00fdch poh\u00e1r\u016f, Terezu Diepoldovou a Ji\u0159\u00edho Je\u017eka, kte\u0159\u00ed maj\u00ed na programu odpo\u010dinek po n\u00e1ro\u010dn\u00e9 jarn\u00ed \u010d\u00e1sti sez\u00f3ny, po kter\u00e9m ji\u017e zah\u00e1j\u00ed p\u0159\u00edpravu na paralympijsk\u00e9 hry v Lond\u00fdn\u011b. <br \/> Nicm\u00e9n\u011b ani tak z\u00e1vod nebude postr\u00e1dat atraktivitu. Zaj\u00edmav\u00e9 bude sledovat p\u0159edev\u0161\u00edm souboje kategori\u00ed handbike. Zde se m\u00e1me skute\u010dn\u011b na co t\u011b\u0161it, \u010desk\u00e1 \u0161pi\u010dka je vyrovnan\u00e1 doslova ve v\u0161ech kategori\u00edch a z\u00e1vody maj\u00ed ji\u017e tradi\u010dn\u011b velmi vysokou presti\u017e. <\/p>\n<p> Nenechte si uj\u00edt zaj\u00edmav\u00e9 z\u00e1vody, zveme V\u00e1s do Hustope\u010d\u00ed, z\u00e1vody za\u010d\u00ednaj\u00ed v sobotu ve 14 hodin startem kategori\u00ed C a tandem\u016f na hustope\u010dsk\u00e9m n\u00e1m\u011bst\u00ed. <\/p>\n<p> Program z\u00e1vod\u016f <a href=\"http:\/\/www.caths.cz\/image\/sekretarky\/cyklistika\/mcr 2012\/Propozice_MCR_2012.pdf\" target=\"_blank\"> zde<\/a> <\/p>\n<p> <img decoding=\"async\" src=\"\/wordpress\/image\/sekretarky\/cyklistika\/mcr 2012\/153.JPG\"><\/p>\n","protected":false},"excerpt":{"rendered":"<a href=\"https:\/\/www.caths.cz\/wordpress\/cykliste-pojedou-v-hustopecich-o-tituly-mistru-ceske-republiky\/\"><img loading=\"lazy\" decoding=\"async\" width=\"100\" height=\"100\" src=\"https:\/\/www.caths.cz\/wordpress\/wp-content\/plugins\/thumbnail-for-excerpts\/tfe_no_thumb.png\" class=\"alignleft wp-post-image tfe\" alt=\"\" title=\"\" \/><\/a><p>Bl\u00ed\u017e\u00edc\u00ed se v\u00edkend bude v\u00fdznamn\u00fdm pro handicapovan\u00e9 cyklisty, kte\u0159\u00ed v Hustope\u010d\u00edch budou bojovat o tituly Mistr\u016f \u010cesk\u00e9 republiky v kategori\u00edch stoj\u00edc\u00edch cyklist\u016f, tandem\u016f a handbike. Na startu bohu\u017eel neuvid\u00edme \u010derstv\u00e9 [&hellip;]<\/p>\n","protected":false},"author":1,"featured_media":0,"comment_status":"closed","ping_status":"closed","sticky":false,"template":"","format":"standard","meta":{"ngg_post_thumbnail":0,"footnotes":""},"categories":[2],"tags":[],"class_list":["post-2278","post","type-post","status-publish","format-standard","hentry","category-cyklistika"],"_links":{"self":[{"href":"https:\/\/www.caths.cz\/wordpress\/wp-json\/wp\/v2\/posts\/2278","targetHints":{"allow":["GET"]}}],"collection":[{"href":"https:\/\/www.caths.cz\/wordpress\/wp-json\/wp\/v2\/posts"}],"about":[{"href":"https:\/\/www.caths.cz\/wordpress\/wp-json\/wp\/v2\/types\/post"}],"author":[{"embeddable":true,"href":"https:\/\/www.caths.cz\/wordpress\/wp-json\/wp\/v2\/users\/1"}],"replies":[{"embeddable":true,"href":"https:\/\/www.caths.cz\/wordpress\/wp-json\/wp\/v2\/comments?post=2278"}],"version-history":[{"count":0,"href":"https:\/\/www.caths.cz\/wordpress\/wp-json\/wp\/v2\/posts\/2278\/revisions"}],"wp:attachment":[{"href":"https:\/\/www.caths.cz\/wordpress\/wp-json\/wp\/v2\/media?parent=2278"}],"wp:term":[{"taxonomy":"category","embeddable":true,"href":"https:\/\/www.caths.cz\/wordpress\/wp-json\/wp\/v2\/categories?post=2278"},{"taxonomy":"post_tag","embeddable":true,"href":"https:\/\/www.caths.cz\/wordpress\/wp-json\/wp\/v2\/tags?post=2278"}],"curies":[{"name":"wp","href":"https:\/\/api.w.org\/{rel}","templated":true}]}}