{"id":2277,"date":"2012-07-09T10:49:05","date_gmt":"2012-07-09T09:49:05","guid":{"rendered":"http:\/\/www.caths.cz\/wordpress\/?p=2277"},"modified":"2012-07-09T10:49:05","modified_gmt":"2012-07-09T09:49:05","slug":"tereza-diepoldova-a-jiri-jezek-jsou-celkovymi-vitezi-svetoveho-poharu-pro-rok-2012","status":"publish","type":"post","link":"https:\/\/www.caths.cz\/wordpress\/tereza-diepoldova-a-jiri-jezek-jsou-celkovymi-vitezi-svetoveho-poharu-pro-rok-2012\/","title":{"rendered":"Tereza Diepoldov\u00e1 a Ji\u0159\u00ed Je\u017eek jsou celkov\u00fdmi v\u00edt\u011bzi Sv\u011btov\u00e9ho poh\u00e1ru pro rok 2012!"},"content":{"rendered":"<p align=\"justify\">\nJi\u0159\u00ed Je\u017eek a Tereza Diepoldov\u00e1 se stali celkov\u00fdmi v\u00edt\u011bzi Sv\u011btov\u00e9ho poh\u00e1ru handicapovan\u00fdch cyklist\u016f pro rok 2012. Rozhodnul o tom z\u00e1v\u011bre\u010dn\u00fd z\u00e1vod v kanadsk\u00e9m Baie Comeau.<\/p>\n<p align=\"justify\"> \u0160est z\u00e1vod\u016f m\u011bl leto\u0161n\u00ed podnik Sv\u011btov\u00e9ho poh\u00e1ru handicapovan\u00fdch cyklist\u016f a v p\u011bti p\u0159\u00edpadech zaznamenal stejn\u00e9ho v\u00edt\u011bze \u2013 Ji\u0159\u00edho Je\u017eka. N\u00e1\u0161 nej\u00fasp\u011b\u0161n\u011bj\u0161\u00ed handicapovan\u00fd sportovec tak dok\u00e1zal vybojovat presti\u017en\u00ed ocen\u011bn\u00ed ji\u017e podruh\u00e9 za sebou.<br \/> <em> \u201eCelkov\u00e9 v\u00edt\u011bzstv\u00ed ve Sv\u011btov\u00e9m poh\u00e1ru bylo jedn\u00edm ze dvou velk\u00fdch c\u00edl\u016f pro leto\u0161n\u00ed rok. Poda\u0159ilo se mi obh\u00e1jit lo\u0148sk\u00fd \u00fasp\u011bch a to m\u011b samoz\u0159ejm\u011b t\u011b\u0161\u00ed. A\u0165 se v z\u00e1\u0159\u00ed na paralympijsk\u00fdch hr\u00e1ch Lond\u00fdn\u011b stane cokoli, m\u00e1m u\u017e te\u010f na sv\u00e9m kont\u011b v\u00fdsledek, kter\u00e9ho si m\u016f\u017eu v\u00e1\u017eit. Te\u010f si chci po n\u00e1ro\u010dn\u00e9 prvn\u00ed p\u016flce sez\u00f3ny trochu odpo\u010dinout a pak u\u017e se budu soust\u0159edit jen a jen na Lond\u00fdn.\u201c <\/em><br \/> Pro Terezu Diepoldovou je zisk k\u0159i\u0161\u0165\u00e1lov\u00e9ho poh\u00e1ru zat\u00edm nejv\u011bt\u0161\u00edm \u00fasp\u011bchem v kari\u00e9\u0159e. <em> \u201e Je to zat\u00edm moje nejv\u011bt\u0161\u00ed v\u00edt\u011bzstv\u00ed v kari\u00e9\u0159e a m\u00e1m z n\u011bho opravdu up\u0159\u00edmnou radost. V\u00edt\u011bzstv\u00ed ve Sv\u011btov\u00e9m poh\u00e1ru je pro m\u011b velikou motivac\u00ed k tr\u00e9ninku p\u0159ed bl\u00ed\u017e\u00edc\u00edmi se paralympijsk\u00fdmi hrami v Lond\u00fdn\u011b\u201c<\/em> \u0159\u00edk\u00e1 s \u00fasm\u011bvem Tereza. <\/p>\n<p> Ji\u0159\u00ed Je\u017eek a Tereza Diepoldov\u00e1, \u010dlenov\u00e9 Tr\u00e9ninkov\u00e9 skupiny Viktora Zapletala, se ziskem Sv\u011btov\u00e9ho poh\u00e1ru postarali o historick\u00fd \u00fasp\u011bch \u010desk\u00e9 cyklistiky handicapovan\u00fdch.<\/p>\n<p> <img decoding=\"async\" src=\"\/wordpress\/image\/k_clankum\/sp_vitezove.jpg\"><\/p>\n","protected":false},"excerpt":{"rendered":"<a href=\"https:\/\/www.caths.cz\/wordpress\/tereza-diepoldova-a-jiri-jezek-jsou-celkovymi-vitezi-svetoveho-poharu-pro-rok-2012\/\"><img loading=\"lazy\" decoding=\"async\" width=\"100\" height=\"100\" src=\"https:\/\/www.caths.cz\/wordpress\/wp-content\/plugins\/thumbnail-for-excerpts\/tfe_no_thumb.png\" class=\"alignleft wp-post-image tfe\" alt=\"\" title=\"\" \/><\/a><p>Ji\u0159\u00ed Je\u017eek a Tereza Diepoldov\u00e1 se stali celkov\u00fdmi v\u00edt\u011bzi Sv\u011btov\u00e9ho poh\u00e1ru handicapovan\u00fdch cyklist\u016f pro rok 2012. Rozhodnul o tom z\u00e1v\u011bre\u010dn\u00fd z\u00e1vod v kanadsk\u00e9m Baie Comeau. \u0160est z\u00e1vod\u016f m\u011bl leto\u0161n\u00ed podnik [&hellip;]<\/p>\n","protected":false},"author":1,"featured_media":0,"comment_status":"closed","ping_status":"closed","sticky":false,"template":"","format":"standard","meta":{"ngg_post_thumbnail":0,"footnotes":""},"categories":[2],"tags":[],"class_list":["post-2277","post","type-post","status-publish","format-standard","hentry","category-cyklistika"],"_links":{"self":[{"href":"https:\/\/www.caths.cz\/wordpress\/wp-json\/wp\/v2\/posts\/2277","targetHints":{"allow":["GET"]}}],"collection":[{"href":"https:\/\/www.caths.cz\/wordpress\/wp-json\/wp\/v2\/posts"}],"about":[{"href":"https:\/\/www.caths.cz\/wordpress\/wp-json\/wp\/v2\/types\/post"}],"author":[{"embeddable":true,"href":"https:\/\/www.caths.cz\/wordpress\/wp-json\/wp\/v2\/users\/1"}],"replies":[{"embeddable":true,"href":"https:\/\/www.caths.cz\/wordpress\/wp-json\/wp\/v2\/comments?post=2277"}],"version-history":[{"count":0,"href":"https:\/\/www.caths.cz\/wordpress\/wp-json\/wp\/v2\/posts\/2277\/revisions"}],"wp:attachment":[{"href":"https:\/\/www.caths.cz\/wordpress\/wp-json\/wp\/v2\/media?parent=2277"}],"wp:term":[{"taxonomy":"category","embeddable":true,"href":"https:\/\/www.caths.cz\/wordpress\/wp-json\/wp\/v2\/categories?post=2277"},{"taxonomy":"post_tag","embeddable":true,"href":"https:\/\/www.caths.cz\/wordpress\/wp-json\/wp\/v2\/tags?post=2277"}],"curies":[{"name":"wp","href":"https:\/\/api.w.org\/{rel}","templated":true}]}}