{"id":2275,"date":"2012-07-07T11:28:27","date_gmt":"2012-07-07T10:28:27","guid":{"rendered":"http:\/\/www.caths.cz\/wordpress\/?p=2275"},"modified":"2012-07-07T11:28:27","modified_gmt":"2012-07-07T10:28:27","slug":"jiri-jezek-vyhral-finalovou-casovku-svetoveho-poharu-v-baie-comeau","status":"publish","type":"post","link":"https:\/\/www.caths.cz\/wordpress\/jiri-jezek-vyhral-finalovou-casovku-svetoveho-poharu-v-baie-comeau\/","title":{"rendered":"Ji\u0159\u00ed Je\u017eek vyhr\u00e1l fin\u00e1lovou \u010dasovku Sv\u011btov\u00e9ho poh\u00e1ru v Baie Comeau"},"content":{"rendered":"<p><em>\u201eM\u00e1m radost, \u017ee se mi tu po roce znovu poda\u0159ilo vyhr\u00e1t! M\u00edstn\u00ed tra\u0165 mi opravdu sed\u00ed. Ka\u017ed\u00e9 v\u00edt\u011bzstv\u00ed v dresu l\u00eddra Sv\u011btov\u00e9ho poh\u00e1ru je p\u0159\u00edjemn\u00e9, ale pr\u00e1v\u011b tady p\u0159i fin\u00e1lov\u00fdch z\u00e1vodech si ho v\u00e1\u017e\u00edm je\u0161t\u011b v\u00edc. Stejnou radost mi ud\u011blala i Tereza, m\u011bl jsem mo\u017enost jej\u00ed j\u00edzdu sledovat p\u0159i rozj\u00ed\u017ed\u011bn\u00ed a jela skv\u011ble! Oba se m\u016f\u017eeme t\u011b\u0161it na ned\u011bln\u00ed silni\u010dn\u00ed z\u00e1vody!\u201c <\/em>okomentoval fin\u00e1lov\u00fd z\u00e1vod Jirka. <\/p>\n<p> Tereza Diepoldov\u00e1 dok\u00e1zala vybojovat st\u0159\u00edbrnou medaili, kdy\u017e nesta\u010dila pouze na \u00fa\u0159aduj\u00edc\u00ed mistryni sv\u011bta Alison Jones z USA. <br \/> Silni\u010dn\u00ed z\u00e1vod se pojede v ned\u011bli, oba na\u0161i reprezentanti jsou jen kous\u00ed\u010dek od historick\u00e9ho triumfu \u010desk\u00e9 cyklistiky \u2013 celkov\u00e9ho v\u00edt\u011bzstv\u00ed ve Sv\u011btov\u00e9m poh\u00e1ru.<\/p>\n<p> <img decoding=\"async\" src=\"\/wordpress\/image\/sekretarky\/cyklistika\/sp bc\/sp baie comeau_jirka.JPG\"> <\/p>\n","protected":false},"excerpt":{"rendered":"<a href=\"https:\/\/www.caths.cz\/wordpress\/jiri-jezek-vyhral-finalovou-casovku-svetoveho-poharu-v-baie-comeau\/\"><img loading=\"lazy\" decoding=\"async\" width=\"100\" height=\"100\" src=\"https:\/\/www.caths.cz\/wordpress\/wp-content\/plugins\/thumbnail-for-excerpts\/tfe_no_thumb.png\" class=\"alignleft wp-post-image tfe\" alt=\"\" title=\"\" \/><\/a><p>\u201eM\u00e1m radost, \u017ee se mi tu po roce znovu poda\u0159ilo vyhr\u00e1t! M\u00edstn\u00ed tra\u0165 mi opravdu sed\u00ed. Ka\u017ed\u00e9 v\u00edt\u011bzstv\u00ed v dresu l\u00eddra Sv\u011btov\u00e9ho poh\u00e1ru je p\u0159\u00edjemn\u00e9, ale pr\u00e1v\u011b tady p\u0159i fin\u00e1lov\u00fdch [&hellip;]<\/p>\n","protected":false},"author":1,"featured_media":0,"comment_status":"closed","ping_status":"closed","sticky":false,"template":"","format":"standard","meta":{"ngg_post_thumbnail":0,"footnotes":""},"categories":[2],"tags":[],"class_list":["post-2275","post","type-post","status-publish","format-standard","hentry","category-cyklistika"],"_links":{"self":[{"href":"https:\/\/www.caths.cz\/wordpress\/wp-json\/wp\/v2\/posts\/2275","targetHints":{"allow":["GET"]}}],"collection":[{"href":"https:\/\/www.caths.cz\/wordpress\/wp-json\/wp\/v2\/posts"}],"about":[{"href":"https:\/\/www.caths.cz\/wordpress\/wp-json\/wp\/v2\/types\/post"}],"author":[{"embeddable":true,"href":"https:\/\/www.caths.cz\/wordpress\/wp-json\/wp\/v2\/users\/1"}],"replies":[{"embeddable":true,"href":"https:\/\/www.caths.cz\/wordpress\/wp-json\/wp\/v2\/comments?post=2275"}],"version-history":[{"count":0,"href":"https:\/\/www.caths.cz\/wordpress\/wp-json\/wp\/v2\/posts\/2275\/revisions"}],"wp:attachment":[{"href":"https:\/\/www.caths.cz\/wordpress\/wp-json\/wp\/v2\/media?parent=2275"}],"wp:term":[{"taxonomy":"category","embeddable":true,"href":"https:\/\/www.caths.cz\/wordpress\/wp-json\/wp\/v2\/categories?post=2275"},{"taxonomy":"post_tag","embeddable":true,"href":"https:\/\/www.caths.cz\/wordpress\/wp-json\/wp\/v2\/tags?post=2275"}],"curies":[{"name":"wp","href":"https:\/\/api.w.org\/{rel}","templated":true}]}}