{"id":2274,"date":"2012-07-05T23:34:54","date_gmt":"2012-07-05T22:34:54","guid":{"rendered":"http:\/\/www.caths.cz\/wordpress\/?p=2274"},"modified":"2012-07-05T23:34:54","modified_gmt":"2012-07-05T22:34:54","slug":"mezinarodni-mistrovstvi-ceske-republiky-v-atletice-zacina-tuto-sobotu","status":"publish","type":"post","link":"https:\/\/www.caths.cz\/wordpress\/mezinarodni-mistrovstvi-ceske-republiky-v-atletice-zacina-tuto-sobotu\/","title":{"rendered":"Mezin\u00e1rodn\u00ed mistrovstv\u00ed \u010cesk\u00e9 republiky v atletice za\u010d\u00edn\u00e1 tuto sobotu"},"content":{"rendered":"<p>Czech Open &#8211; n\u00e1zev atletick\u00fdch mezin\u00e1rodn\u00edch z\u00e1vod\u016f, kter\u00fd se ji\u017e st\u00e1v\u00e1 zn\u00e1mou &#8222;zna\u010dkou&#8220;. Olomouck\u00fd atletick\u00fd klub i v leto\u0161n\u00edm roce za\u0159adil do sv\u00e9ho po\u0159adatelsk\u00e9ho kalend\u00e1\u0159e vrcholnou akci v atletice handicapovan\u00fdch na \u00fazem\u00ed \u010cR &#8211; Mezin\u00e1rodn\u00ed mistrovstv\u00ed \u010cesk\u00e9 republiky.<br \/>\nJedn\u00e1 se o ji\u017e tradi\u010dn\u00ed sankcionovan\u00fd z\u00e1vod IPC, kde se daj\u00ed plnit limity atp. T\u011bchto z\u00e1vod\u016f se ka\u017ed\u00fd rok z\u00fa\u010dastn\u00ed sportovci z n\u011bkolika st\u00e1t\u016f sv\u011bta. V leto\u0161n\u00edm roce bude v Olomouci startovat 70 sportovc\u016f ze 8 st\u00e1t\u016f sv\u011bta. <br \/> Na m\u00edtinku se p\u0159edstav\u00ed \u0161pi\u010dky \u010cR a v\u0161ichni zde budou usilovat o zlep\u0161en\u00ed sv\u00e9ho osobn\u00edho maxima..Z\u00e1vody budou slavnostn\u011b zah\u00e1jeny v sobotu 7.7. a skon\u010d\u00ed v n\u011bd\u011bli dopoledne 8.7. <\/p>\n<p> \u010casov\u00fd rozvrh naleznete <a href=\"http:\/\/www.caths.cz\/storage\/sekretarky\/schedule czech open 2012.pdf\" target=\"_blank\"> zde<\/a> <\/p>\n<p> <img decoding=\"async\" src=\"\/wordpress\/image\/sekretarky\/czech open 2012.jpg\"><\/p>\n","protected":false},"excerpt":{"rendered":"<a href=\"https:\/\/www.caths.cz\/wordpress\/mezinarodni-mistrovstvi-ceske-republiky-v-atletice-zacina-tuto-sobotu\/\"><img loading=\"lazy\" decoding=\"async\" width=\"100\" height=\"100\" src=\"https:\/\/www.caths.cz\/wordpress\/wp-content\/plugins\/thumbnail-for-excerpts\/tfe_no_thumb.png\" class=\"alignleft wp-post-image tfe\" alt=\"\" title=\"\" \/><\/a><p>Czech Open &#8211; n\u00e1zev atletick\u00fdch mezin\u00e1rodn\u00edch z\u00e1vod\u016f, kter\u00fd se ji\u017e st\u00e1v\u00e1 zn\u00e1mou &#8222;zna\u010dkou&#8220;. Olomouck\u00fd atletick\u00fd klub i v leto\u0161n\u00edm roce za\u0159adil do sv\u00e9ho po\u0159adatelsk\u00e9ho kalend\u00e1\u0159e vrcholnou akci v atletice handicapovan\u00fdch [&hellip;]<\/p>\n","protected":false},"author":1,"featured_media":0,"comment_status":"closed","ping_status":"closed","sticky":false,"template":"","format":"standard","meta":{"ngg_post_thumbnail":0,"footnotes":""},"categories":[5],"tags":[],"class_list":["post-2274","post","type-post","status-publish","format-standard","hentry","category-atletika"],"_links":{"self":[{"href":"https:\/\/www.caths.cz\/wordpress\/wp-json\/wp\/v2\/posts\/2274","targetHints":{"allow":["GET"]}}],"collection":[{"href":"https:\/\/www.caths.cz\/wordpress\/wp-json\/wp\/v2\/posts"}],"about":[{"href":"https:\/\/www.caths.cz\/wordpress\/wp-json\/wp\/v2\/types\/post"}],"author":[{"embeddable":true,"href":"https:\/\/www.caths.cz\/wordpress\/wp-json\/wp\/v2\/users\/1"}],"replies":[{"embeddable":true,"href":"https:\/\/www.caths.cz\/wordpress\/wp-json\/wp\/v2\/comments?post=2274"}],"version-history":[{"count":0,"href":"https:\/\/www.caths.cz\/wordpress\/wp-json\/wp\/v2\/posts\/2274\/revisions"}],"wp:attachment":[{"href":"https:\/\/www.caths.cz\/wordpress\/wp-json\/wp\/v2\/media?parent=2274"}],"wp:term":[{"taxonomy":"category","embeddable":true,"href":"https:\/\/www.caths.cz\/wordpress\/wp-json\/wp\/v2\/categories?post=2274"},{"taxonomy":"post_tag","embeddable":true,"href":"https:\/\/www.caths.cz\/wordpress\/wp-json\/wp\/v2\/tags?post=2274"}],"curies":[{"name":"wp","href":"https:\/\/api.w.org\/{rel}","templated":true}]}}