{"id":2272,"date":"2012-07-02T23:20:32","date_gmt":"2012-07-02T22:20:32","guid":{"rendered":"http:\/\/www.caths.cz\/wordpress\/?p=2272"},"modified":"2012-07-02T23:20:32","modified_gmt":"2012-07-02T22:20:32","slug":"30-cerven-byl-v-lounech-ve-znameni-kol","status":"publish","type":"post","link":"https:\/\/www.caths.cz\/wordpress\/30-cerven-byl-v-lounech-ve-znameni-kol\/","title":{"rendered":"30. \u010derven byl v Lounech ve znamen\u00ed kol"},"content":{"rendered":"<p align=\"justify\">Tradi\u010dn\u00ed dvojz\u00e1vod Evropsk\u00e9ho poh\u00e1ru handbik\u016f za\u010dal v 10 hodin \u010dasovkou jednotlivc\u016f na 15-ti kilometrov\u00e9 trati z Loun do Po\u010ded\u011blic a zp\u011bt. P\u0159ed \u010dasovkou obloha nad\u011blila z\u00e1vodn\u00edk\u016fm po\u0159\u00e1dnou bou\u0159ku, kterou pak vyst\u0159\u00eddalo po\u0159\u00e1dn\u00e9 horko. <br \/> Nejrychlej\u0161\u00edm \u010desk\u00fdm z\u00e1vodn\u00edkem v \u010dasovce jednotlivc\u016f byl Jan Tom\u00e1nek (MH2 \u2013 Fany Cycling), kter\u00fd se v handbikersk\u00e9 \u0161pi\u010dce s \u010dasem 25:28,90 um\u00edstil na celkov\u00e9m 4.m\u00edst\u011b v kategorii MH2.<br \/> Odpoledne \u010dekalo na 80 hendikepovan\u00fdch cyklist\u016f krit\u00e9rium v ulic\u00edch m\u011bsta Louny. Krit\u00e9rium zah\u00e1jily tricykly a n\u00e1sledn\u011b handbiky. Tady se bl\u00fdskl nejlep\u0161\u00edm \u010desk\u00fdm v\u00fdkonem Miroslav \u0160ulc (MH3 &#8211; Handbike \u010cR), kter\u00fd skon\u010dil na celkov\u00e9m t\u0159et\u00edm m\u00edst\u011b v kategorii MH3.<br \/> Oba z\u00e1vody se z\u00e1rov\u011b\u0148 zapo\u010d\u00edt\u00e1vaj\u00ed do po\u0159ad\u00ed \u010cesk\u00e9ho poh\u00e1ru handbike www.caths.cz 2012.<br \/> Velk\u00fd d\u00edk pat\u0159\u00ed organiz\u00e1tor\u016fm klubu ASK Elna Po\u010derady a samoz\u0159ejm\u011b sponzor\u016fm, bez kter\u00fdch by se z\u00e1vody t\u011b\u017eko po\u0159\u00e1daly.<\/p>\n<p> Fotogalerie Mirky Strnadov\u00e9 <a href=\"http:\/\/mircule.rajce.idnes.cz\/EHC_European_Handbike_Circuit_Louny_2012\/\" target=\"_blank\"> zde<\/a> <br \/> Z\u00e1znam \u010cT \u2013 Ud\u00e1losti v regionech (14. minuta) <a href=\"http:\/\/www.ceskatelevize.cz\/ivysilani\/10122978233-udalosti-v-regionech-ostrava\/412231100000630-udalosti-v-regionech\/\" target=\"_blank\"> zde<\/a> <br \/> V\u00fdsledky <a href=\"http:\/\/www.caths.cz\/storage\/handbike\/vysledky ehc louny 2012.pdf\" target=\"_blank\"> zde<\/a> <\/p>\n<p> <img decoding=\"async\" src=\"\/wordpress\/image\/k_clankum\/louny2012.jpg\"><\/p>\n","protected":false},"excerpt":{"rendered":"<a href=\"https:\/\/www.caths.cz\/wordpress\/30-cerven-byl-v-lounech-ve-znameni-kol\/\"><img loading=\"lazy\" decoding=\"async\" width=\"100\" height=\"100\" src=\"https:\/\/www.caths.cz\/wordpress\/wp-content\/plugins\/thumbnail-for-excerpts\/tfe_no_thumb.png\" class=\"alignleft wp-post-image tfe\" alt=\"\" title=\"\" \/><\/a><p>Tradi\u010dn\u00ed dvojz\u00e1vod Evropsk\u00e9ho poh\u00e1ru handbik\u016f za\u010dal v 10 hodin \u010dasovkou jednotlivc\u016f na 15-ti kilometrov\u00e9 trati z Loun do Po\u010ded\u011blic a zp\u011bt. P\u0159ed \u010dasovkou obloha nad\u011blila z\u00e1vodn\u00edk\u016fm po\u0159\u00e1dnou bou\u0159ku, kterou pak [&hellip;]<\/p>\n","protected":false},"author":1,"featured_media":0,"comment_status":"closed","ping_status":"closed","sticky":false,"template":"","format":"standard","meta":{"ngg_post_thumbnail":0,"footnotes":""},"categories":[9],"tags":[],"class_list":["post-2272","post","type-post","status-publish","format-standard","hentry","category-handbike"],"_links":{"self":[{"href":"https:\/\/www.caths.cz\/wordpress\/wp-json\/wp\/v2\/posts\/2272","targetHints":{"allow":["GET"]}}],"collection":[{"href":"https:\/\/www.caths.cz\/wordpress\/wp-json\/wp\/v2\/posts"}],"about":[{"href":"https:\/\/www.caths.cz\/wordpress\/wp-json\/wp\/v2\/types\/post"}],"author":[{"embeddable":true,"href":"https:\/\/www.caths.cz\/wordpress\/wp-json\/wp\/v2\/users\/1"}],"replies":[{"embeddable":true,"href":"https:\/\/www.caths.cz\/wordpress\/wp-json\/wp\/v2\/comments?post=2272"}],"version-history":[{"count":0,"href":"https:\/\/www.caths.cz\/wordpress\/wp-json\/wp\/v2\/posts\/2272\/revisions"}],"wp:attachment":[{"href":"https:\/\/www.caths.cz\/wordpress\/wp-json\/wp\/v2\/media?parent=2272"}],"wp:term":[{"taxonomy":"category","embeddable":true,"href":"https:\/\/www.caths.cz\/wordpress\/wp-json\/wp\/v2\/categories?post=2272"},{"taxonomy":"post_tag","embeddable":true,"href":"https:\/\/www.caths.cz\/wordpress\/wp-json\/wp\/v2\/tags?post=2272"}],"curies":[{"name":"wp","href":"https:\/\/api.w.org\/{rel}","templated":true}]}}