{"id":2271,"date":"2012-07-01T21:54:22","date_gmt":"2012-07-01T20:54:22","guid":{"rendered":"http:\/\/www.caths.cz\/wordpress\/?p=2271"},"modified":"2012-07-01T21:54:22","modified_gmt":"2012-07-01T20:54:22","slug":"jiri-jezek-a-tereza-diepoldova-maji-na-dosah-celkove-vitezstvi-ve-svetovem-poharu","status":"publish","type":"post","link":"https:\/\/www.caths.cz\/wordpress\/jiri-jezek-a-tereza-diepoldova-maji-na-dosah-celkove-vitezstvi-ve-svetovem-poharu\/","title":{"rendered":"Ji\u0159\u00ed Je\u017eek a Tereza Diepoldov\u00e1 maj\u00ed na dosah celkov\u00e9 v\u00edt\u011bzstv\u00ed ve Sv\u011btov\u00e9m poh\u00e1ru!"},"content":{"rendered":"<p>Velmi mal\u00e1 v\u00fdprava \u010desk\u00e9ho n\u00e1rodn\u00edho t\u00fdmu odj\u00ed\u017ed\u00ed z\u00edtra r\u00e1no na fin\u00e1lov\u00fd z\u00e1vod Sv\u011btov\u00e9ho poh\u00e1ru handicapovan\u00fdch cyklist\u016f do kanadsk\u00e9ho Baie Comeau. <br \/>\nAmbice na\u0161\u00ed miniv\u00fdpravy jsou ale velmi vysok\u00e9, Ji\u0159\u00ed Je\u017eek i Tereza Diepoldov\u00e1 toti\u017e maj\u00ed na dosah celkov\u00e9 v\u00edt\u011bzstv\u00ed ve Sv\u011btov\u00e9m poh\u00e1ru 2012.\n<\/p>\n<p>Jirka vede pr\u016fb\u011b\u017en\u00e9 po\u0159ad\u00ed u\u017e od prvn\u00edho z\u00e1vodu v \u0158\u00edm\u011b a jen velmi smoln\u00e1 ud\u00e1lost by mohla \u0161estin\u00e1sobn\u00e9ho mistra sv\u011bta a p\u011btin\u00e1sobn\u00e9ho paralympijsk\u00e9ho v\u00edt\u011bze p\u0159ipravit o celkov\u00e9 v\u00edt\u011bzstv\u00ed. Pokud by se Jirkovi poda\u0159ilo obh\u00e1jit lo\u0148sk\u00e9 v\u00edt\u011bzstv\u00ed, byl by prvn\u00edm handicapovan\u00fdm cyklistou historie, kter\u00fd z\u00edsk\u00e1 Sv\u011btov\u00fd poh\u00e1r 2x po sob\u011b. <\/p>\n<p> Velik\u00fd talent \u010desk\u00e9 cyklistiky, Tereza Diepoldov\u00e1 v tuto chv\u00edli ztr\u00e1c\u00ed na vedouc\u00ed pozici pouh\u00e9 \u010dty\u0159i body&#8230; <\/p>\n<p> V p\u00e1tek je na programu \u010dasovka, v ned\u011bli pak silni\u010dn\u00ed z\u00e1vod.<\/p>\n<p> <img decoding=\"async\" src=\"\/wordpress\/image\/sekretarky\/cyklistika\/sp segovia\/IMG_1600.jpg\"> <\/p>\n","protected":false},"excerpt":{"rendered":"<a href=\"https:\/\/www.caths.cz\/wordpress\/jiri-jezek-a-tereza-diepoldova-maji-na-dosah-celkove-vitezstvi-ve-svetovem-poharu\/\"><img loading=\"lazy\" decoding=\"async\" width=\"100\" height=\"100\" src=\"https:\/\/www.caths.cz\/wordpress\/wp-content\/plugins\/thumbnail-for-excerpts\/tfe_no_thumb.png\" class=\"alignleft wp-post-image tfe\" alt=\"\" title=\"\" \/><\/a><p>Velmi mal\u00e1 v\u00fdprava \u010desk\u00e9ho n\u00e1rodn\u00edho t\u00fdmu odj\u00ed\u017ed\u00ed z\u00edtra r\u00e1no na fin\u00e1lov\u00fd z\u00e1vod Sv\u011btov\u00e9ho poh\u00e1ru handicapovan\u00fdch cyklist\u016f do kanadsk\u00e9ho Baie Comeau. Ambice na\u0161\u00ed miniv\u00fdpravy jsou ale velmi vysok\u00e9, Ji\u0159\u00ed Je\u017eek i [&hellip;]<\/p>\n","protected":false},"author":1,"featured_media":0,"comment_status":"closed","ping_status":"closed","sticky":false,"template":"","format":"standard","meta":{"ngg_post_thumbnail":0,"footnotes":""},"categories":[2],"tags":[],"class_list":["post-2271","post","type-post","status-publish","format-standard","hentry","category-cyklistika"],"_links":{"self":[{"href":"https:\/\/www.caths.cz\/wordpress\/wp-json\/wp\/v2\/posts\/2271","targetHints":{"allow":["GET"]}}],"collection":[{"href":"https:\/\/www.caths.cz\/wordpress\/wp-json\/wp\/v2\/posts"}],"about":[{"href":"https:\/\/www.caths.cz\/wordpress\/wp-json\/wp\/v2\/types\/post"}],"author":[{"embeddable":true,"href":"https:\/\/www.caths.cz\/wordpress\/wp-json\/wp\/v2\/users\/1"}],"replies":[{"embeddable":true,"href":"https:\/\/www.caths.cz\/wordpress\/wp-json\/wp\/v2\/comments?post=2271"}],"version-history":[{"count":0,"href":"https:\/\/www.caths.cz\/wordpress\/wp-json\/wp\/v2\/posts\/2271\/revisions"}],"wp:attachment":[{"href":"https:\/\/www.caths.cz\/wordpress\/wp-json\/wp\/v2\/media?parent=2271"}],"wp:term":[{"taxonomy":"category","embeddable":true,"href":"https:\/\/www.caths.cz\/wordpress\/wp-json\/wp\/v2\/categories?post=2271"},{"taxonomy":"post_tag","embeddable":true,"href":"https:\/\/www.caths.cz\/wordpress\/wp-json\/wp\/v2\/tags?post=2271"}],"curies":[{"name":"wp","href":"https:\/\/api.w.org\/{rel}","templated":true}]}}