{"id":22707,"date":"2016-03-08T15:16:45","date_gmt":"2016-03-08T14:16:45","guid":{"rendered":"http:\/\/www.caths.cz\/wordpress\/?p=22707"},"modified":"2016-03-08T15:16:45","modified_gmt":"2016-03-08T14:16:45","slug":"nejlepsi-handicapovany-sportovec-roku-na-ct-sport","status":"publish","type":"post","link":"https:\/\/www.caths.cz\/wordpress\/nejlepsi-handicapovany-sportovec-roku-na-ct-sport\/","title":{"rendered":"Nejlep\u0161\u00ed handicapovan\u00fd sportovec roku na \u010cT Sport"},"content":{"rendered":"<p>P\u0159in\u00e1\u0161\u00edme v\u00e1m term\u00edny z\u00e1znamu galave\u010dera na kan\u00e1le \u010cT Sport, z\u00a0nich\u017e je prvn\u00ed napl\u00e1nov\u00e1n ji\u017e na z\u00edt\u0159ej\u0161\u00ed odpoledne.<\/p>\n<p><strong>Term\u00edny vys\u00edl\u00e1n\u00ed z\u00e1znamu z vyhl\u00e1\u0161en\u00ed Nejlep\u0161\u00edho handicapovan\u00e9ho sportovce roku 2015\u00a0<\/strong><\/p>\n<ol start=\"8\">\n<li><strong> 3. 2016 \u00a0 \u00a0 15:55<\/strong><\/li>\n<li><strong> 3. 2016 \u00a0 \u00a0 16:55<\/strong><\/li>\n<li><strong> 3. 2016 \u00a0 \u00a0 21:20<\/strong><\/li>\n<li><strong> 4. 2016 \u00a0 \u00a0 \u00a09:45<\/strong><\/li>\n<\/ol>\n<p>Krom\u011b t\u011bchto repr\u00edz p\u0159inese \u010cesk\u00e1 televize i kr\u00e1tk\u00fd dokument o nat\u00e1\u010den\u00ed ve\u010dera.<\/p>\n<p><a href=\"http:\/\/www.caths.cz\/wordpress\/wp-content\/uploads\/2016\/03\/20160303_181359.jpg\"><img loading=\"lazy\" decoding=\"async\" class=\"alignnone size-large wp-image-22708\" src=\"http:\/\/www.caths.cz\/wordpress\/wp-content\/uploads\/2016\/03\/20160303_181359-1024x576.jpg\" alt=\"20160303_181359\" width=\"600\" height=\"338\" srcset=\"https:\/\/www.caths.cz\/wordpress\/wp-content\/uploads\/2016\/03\/20160303_181359-1024x576.jpg 1024w, https:\/\/www.caths.cz\/wordpress\/wp-content\/uploads\/2016\/03\/20160303_181359-300x169.jpg 300w, https:\/\/www.caths.cz\/wordpress\/wp-content\/uploads\/2016\/03\/20160303_181359-120x68.jpg 120w\" sizes=\"auto, (max-width: 600px) 100vw, 600px\" \/><\/a><\/p>\n","protected":false},"excerpt":{"rendered":"<a href=\"https:\/\/www.caths.cz\/wordpress\/nejlepsi-handicapovany-sportovec-roku-na-ct-sport\/\"><img width=\"100\" height=\"100\" src=\"https:\/\/www.caths.cz\/wordpress\/wp-content\/uploads\/2016\/03\/20160303_181359-100x100.jpg\" class=\"alignleft tfe wp-post-image\" alt=\"\" decoding=\"async\" loading=\"lazy\" srcset=\"https:\/\/www.caths.cz\/wordpress\/wp-content\/uploads\/2016\/03\/20160303_181359-100x100.jpg 100w, https:\/\/www.caths.cz\/wordpress\/wp-content\/uploads\/2016\/03\/20160303_181359-150x150.jpg 150w\" sizes=\"auto, (max-width: 100px) 100vw, 100px\" \/><\/a><p>P\u0159in\u00e1\u0161\u00edme v\u00e1m term\u00edny z\u00e1znamu galave\u010dera na kan\u00e1le \u010cT Sport, z\u00a0nich\u017e je prvn\u00ed napl\u00e1nov\u00e1n ji\u017e na z\u00edt\u0159ej\u0161\u00ed odpoledne. Term\u00edny vys\u00edl\u00e1n\u00ed z\u00e1znamu z vyhl\u00e1\u0161en\u00ed Nejlep\u0161\u00edho handicapovan\u00e9ho sportovce roku 2015\u00a0 3. 2016 \u00a0 [&hellip;]<\/p>\n","protected":false},"author":1,"featured_media":22708,"comment_status":"closed","ping_status":"closed","sticky":false,"template":"","format":"standard","meta":{"ngg_post_thumbnail":0,"footnotes":""},"categories":[6],"tags":[],"class_list":["post-22707","post","type-post","status-publish","format-standard","has-post-thumbnail","hentry","category-caths-info"],"_links":{"self":[{"href":"https:\/\/www.caths.cz\/wordpress\/wp-json\/wp\/v2\/posts\/22707","targetHints":{"allow":["GET"]}}],"collection":[{"href":"https:\/\/www.caths.cz\/wordpress\/wp-json\/wp\/v2\/posts"}],"about":[{"href":"https:\/\/www.caths.cz\/wordpress\/wp-json\/wp\/v2\/types\/post"}],"author":[{"embeddable":true,"href":"https:\/\/www.caths.cz\/wordpress\/wp-json\/wp\/v2\/users\/1"}],"replies":[{"embeddable":true,"href":"https:\/\/www.caths.cz\/wordpress\/wp-json\/wp\/v2\/comments?post=22707"}],"version-history":[{"count":1,"href":"https:\/\/www.caths.cz\/wordpress\/wp-json\/wp\/v2\/posts\/22707\/revisions"}],"predecessor-version":[{"id":22709,"href":"https:\/\/www.caths.cz\/wordpress\/wp-json\/wp\/v2\/posts\/22707\/revisions\/22709"}],"wp:featuredmedia":[{"embeddable":true,"href":"https:\/\/www.caths.cz\/wordpress\/wp-json\/wp\/v2\/media\/22708"}],"wp:attachment":[{"href":"https:\/\/www.caths.cz\/wordpress\/wp-json\/wp\/v2\/media?parent=22707"}],"wp:term":[{"taxonomy":"category","embeddable":true,"href":"https:\/\/www.caths.cz\/wordpress\/wp-json\/wp\/v2\/categories?post=22707"},{"taxonomy":"post_tag","embeddable":true,"href":"https:\/\/www.caths.cz\/wordpress\/wp-json\/wp\/v2\/tags?post=22707"}],"curies":[{"name":"wp","href":"https:\/\/api.w.org\/{rel}","templated":true}]}}