{"id":22695,"date":"2016-03-03T23:57:40","date_gmt":"2016-03-03T22:57:40","guid":{"rendered":"http:\/\/www.caths.cz\/wordpress\/?p=22695"},"modified":"2016-03-04T11:07:18","modified_gmt":"2016-03-04T10:07:18","slug":"nejlepsim-handicapovanym-sportovcem-roku-2015-je-neslysici-tereza-kmochova","status":"publish","type":"post","link":"https:\/\/www.caths.cz\/wordpress\/nejlepsim-handicapovanym-sportovcem-roku-2015-je-neslysici-tereza-kmochova\/","title":{"rendered":"Nejlep\u0161\u00edm handicapovan\u00fdm sportovcem roku 2015 je nesly\u0161\u00edc\u00ed Tereza Kmochov\u00e1"},"content":{"rendered":"<p>Ve \u010dtvrtek ve\u010der prob\u011bhlo v tradi\u010dn\u00edm hotelu Top hotel Praha slavnostn\u00ed vyhl\u00e1\u0161en\u00ed Nejlep\u0161\u00edho handicapovan\u00e9ho sportovce roku 2015. I v leto\u0161n\u00edm roce byly vyhl\u00e1\u0161eny kategorie Tren\u00e9r, T\u00fdm, Junior, Juniorka, Objev, S\u00ed\u0148 sl\u00e1vy a Top 10, tedy deset nejlep\u0161\u00edch handicapovan\u00fdch sportovc\u016f bez rozd\u00edlu kategori\u00ed.<\/p>\n<p>V kategorii Tren\u00e9r roku byla za \u010cATHS vyhl\u00e1\u0161ena Eva \u0160mauzov\u00e1, tren\u00e9rka \u00fasp\u011b\u0161n\u00e9 plavkyn\u011b B\u011bly T\u0159eb\u00ednov\u00e9, st\u0159\u00edbrn\u00e9 medailistky z posledn\u00edho MS v plav\u00e1n\u00ed.<\/p>\n<p>T\u00fdmem roku se stal lukost\u0159eleck\u00fd t\u00fdm ve slo\u017een\u00ed &#8211; Ji\u0159\u00ed Klich, Leo\u0161 Barto\u0161 a Jaroslav Zelenka, kter\u00fd v lo\u0148sk\u00e9m roce vybojoval 4.m\u00edsto na mistrovstv\u00ed sv\u011bta a prvn\u00ed m\u00edsto na sv\u011btov\u00e9m poh\u00e1ru v Nov\u00e9m M\u011bst\u011b nad Metuj\u00ed.<\/p>\n<p>Juniorkou roku se stala atletka Tereza Jakschov\u00e1 a juniorem cyklista Ivo Koblasa, oba z \u010cATHS. Objevem roku 2015 se stal Dan B\u00edna, kter\u00fd historicky poprv\u00e9 vybojoval kvalifika\u010dn\u00ed m\u00edsto na letn\u00edch paralympijsk\u00fdch hr\u00e1ch.<\/p>\n<p>Velmi emotivn\u00ed \u010d\u00e1st\u00ed slavnostn\u00edho ve\u010dera se stalo vyhl\u00e1\u0161en\u00ed atletky Martiny Kniezkov\u00e9 do S\u00edn\u011b sl\u00e1vy. Cenu za, v lo\u0148sk\u00e9m roce zesnulou Martinu Kniezkovou, trojn\u00e1sobnou paralympijskou v\u00edt\u011bzku p\u0159evzala maminka Martiny Helena Kniezkov\u00e1 a na svou kamar\u00e1dku zavzpom\u00ednal v medailonku n\u011bkolika n\u00e1sobn\u00fd paralympijsk\u00fd medailista Radim B\u011ble\u0161.<\/p>\n<p>V kategorii TOP 10 zv\u00edt\u011bzila ly\u017ea\u0159ka Tereza Kmochov\u00e1 p\u0159ed druh\u00fdm snowboardistou Tom\u00e1\u0161em Pazderou (oba nesly\u0161\u00edc\u00ed) a t\u0159et\u00edm lukost\u0159elcem Davidem Drahon\u00ednsk\u00fdm.<\/p>\n<p>Cel\u00fd slavnostn\u00ed ve\u010der se nesl v tane\u010dn\u00ed n\u00e1lad\u011b a cel\u00fd po\u0159ad doprov\u00e1zeli \u00fa\u010dastn\u00edci televizn\u00ed sout\u011b\u017ee Star Dance, kte\u0159\u00ed nejen b\u011bhem ve\u010dera p\u0159edvedli sv\u00e1 tane\u010dn\u00ed show, ale tak\u00e9 p\u0159ed\u00e1vali ocen\u011bn\u00fdm sportovc\u016fm ceny.<\/p>\n<p>Celkov\u00e9 po\u0159ad\u00ed Top 10:<\/p>\n<p>1. Tereza Kmochov\u00e1, ly\u017eov\u00e1n\u00ed (\u010cSNS)<br \/>\n2. Tom\u00e1\u0161 Pazdera, snowboard (\u010cSNS)<br \/>\n3. David Drahon\u00ednsk\u00fd, lukost\u0159elba (SH)<br \/>\n4. Veronika Grygarov\u00e1, ly\u017eov\u00e1n\u00ed (\u010cSNS)<br \/>\n5. Ivo Koblasa, cyklistika (\u010cATHS)<br \/>\n6. B\u011bla T\u0159eb\u00ednov\u00e1, plav\u00e1n\u00ed (\u010cATHS)<br \/>\n7. Vladim\u00edr Hlav\u00e1\u010c, plav\u00e1n\u00ed (\u010cSMPS)<br \/>\n8. Jakub Nov\u00e1k, ly\u017eov\u00e1n\u00ed (\u010cSMPS)<br \/>\n9. Ji\u0159\u00ed Bou\u0161ka, cyklistika (SH)<br \/>\n10. Ad\u00e9la M\u00edkov\u00e1, plav\u00e1n\u00ed (\u010cSMPS)<\/p>\n<p>Junior roku 2015:<br \/>\nIvo Koblasa, cyklistika (\u010cATHS)<\/p>\n<p>Juniorka roku 2015:<br \/>\nTereza Jakschova, atletika (\u010cATHS)<\/p>\n<p>T\u00fdm roku 2015:<br \/>\nlukost\u0159eleck\u00fd t\u00fdm &#8211; Leo\u0161 Barto\u0161, Ji\u0159\u00ed Klich, Jaroslav Zelenka (SH + \u010cATHS)<\/p>\n<p>Objev roku 2015:<br \/>\nDaniel B\u00edna, jachting (\u010cATHS)<br \/>\nTereza Tit\u011brov\u00e1, atletika (\u010cSMPS)<\/p>\n<p>S\u00ed\u0148 sl\u00e1vy:<br \/>\nMartina Kniezkov\u00e1, atletika (\u010cATHS)<\/p>\n<p>&nbsp;<\/p>\n<p><a href=\"http:\/\/www.caths.cz\/wordpress\/wp-content\/uploads\/2016\/03\/20160303_185807.jpg\"><img loading=\"lazy\" decoding=\"async\" class=\"alignnone size-large wp-image-22696\" src=\"http:\/\/www.caths.cz\/wordpress\/wp-content\/uploads\/2016\/03\/20160303_185807-1024x576.jpg\" alt=\"20160303_185807\" width=\"600\" height=\"338\" srcset=\"https:\/\/www.caths.cz\/wordpress\/wp-content\/uploads\/2016\/03\/20160303_185807-1024x576.jpg 1024w, https:\/\/www.caths.cz\/wordpress\/wp-content\/uploads\/2016\/03\/20160303_185807-300x169.jpg 300w, https:\/\/www.caths.cz\/wordpress\/wp-content\/uploads\/2016\/03\/20160303_185807-120x68.jpg 120w\" sizes=\"auto, (max-width: 600px) 100vw, 600px\" \/><\/a><\/p>\n<p><a href=\"http:\/\/www.caths.cz\/wordpress\/wp-content\/uploads\/2016\/03\/20160303_183841.jpg\"><img loading=\"lazy\" decoding=\"async\" class=\"alignnone size-large wp-image-22697\" src=\"http:\/\/www.caths.cz\/wordpress\/wp-content\/uploads\/2016\/03\/20160303_183841-1024x576.jpg\" alt=\"20160303_183841\" width=\"600\" height=\"338\" srcset=\"https:\/\/www.caths.cz\/wordpress\/wp-content\/uploads\/2016\/03\/20160303_183841-1024x576.jpg 1024w, https:\/\/www.caths.cz\/wordpress\/wp-content\/uploads\/2016\/03\/20160303_183841-300x169.jpg 300w, https:\/\/www.caths.cz\/wordpress\/wp-content\/uploads\/2016\/03\/20160303_183841-120x68.jpg 120w\" sizes=\"auto, (max-width: 600px) 100vw, 600px\" \/><\/a><\/p>\n<p><a href=\"http:\/\/www.caths.cz\/wordpress\/wp-content\/uploads\/2016\/03\/20160303_191045.jpg\"><img loading=\"lazy\" decoding=\"async\" class=\"alignnone size-large wp-image-22698\" src=\"http:\/\/www.caths.cz\/wordpress\/wp-content\/uploads\/2016\/03\/20160303_191045-1024x576.jpg\" alt=\"20160303_191045\" width=\"600\" height=\"338\" srcset=\"https:\/\/www.caths.cz\/wordpress\/wp-content\/uploads\/2016\/03\/20160303_191045-1024x576.jpg 1024w, https:\/\/www.caths.cz\/wordpress\/wp-content\/uploads\/2016\/03\/20160303_191045-300x169.jpg 300w, https:\/\/www.caths.cz\/wordpress\/wp-content\/uploads\/2016\/03\/20160303_191045-120x68.jpg 120w\" sizes=\"auto, (max-width: 600px) 100vw, 600px\" \/><\/a><\/p>\n<p><a href=\"http:\/\/www.caths.cz\/wordpress\/wp-content\/uploads\/2016\/03\/20160303_190546.jpg\"><img loading=\"lazy\" decoding=\"async\" class=\"alignnone size-large wp-image-22700\" src=\"http:\/\/www.caths.cz\/wordpress\/wp-content\/uploads\/2016\/03\/20160303_190546-576x1024.jpg\" alt=\"20160303_190546\" width=\"576\" height=\"1024\" srcset=\"https:\/\/www.caths.cz\/wordpress\/wp-content\/uploads\/2016\/03\/20160303_190546-576x1024.jpg 576w, https:\/\/www.caths.cz\/wordpress\/wp-content\/uploads\/2016\/03\/20160303_190546-169x300.jpg 169w, https:\/\/www.caths.cz\/wordpress\/wp-content\/uploads\/2016\/03\/20160303_190546-68x120.jpg 68w\" sizes=\"auto, (max-width: 576px) 100vw, 576px\" \/><\/a><\/p>\n<p><a href=\"http:\/\/www.caths.cz\/wordpress\/wp-content\/uploads\/2016\/03\/20160303_190151.jpg\"><img loading=\"lazy\" decoding=\"async\" class=\"alignnone size-large wp-image-22699\" src=\"http:\/\/www.caths.cz\/wordpress\/wp-content\/uploads\/2016\/03\/20160303_190151-1024x576.jpg\" alt=\"20160303_190151\" width=\"600\" height=\"338\" srcset=\"https:\/\/www.caths.cz\/wordpress\/wp-content\/uploads\/2016\/03\/20160303_190151-1024x576.jpg 1024w, https:\/\/www.caths.cz\/wordpress\/wp-content\/uploads\/2016\/03\/20160303_190151-300x169.jpg 300w, https:\/\/www.caths.cz\/wordpress\/wp-content\/uploads\/2016\/03\/20160303_190151-120x68.jpg 120w\" sizes=\"auto, (max-width: 600px) 100vw, 600px\" \/><\/a><\/p>\n<p>&nbsp;<\/p>\n<p>&nbsp;<\/p>\n<p>&nbsp;<\/p>\n<p>&nbsp;<\/p>\n","protected":false},"excerpt":{"rendered":"<a href=\"https:\/\/www.caths.cz\/wordpress\/nejlepsim-handicapovanym-sportovcem-roku-2015-je-neslysici-tereza-kmochova\/\"><img width=\"100\" height=\"100\" src=\"https:\/\/www.caths.cz\/wordpress\/wp-content\/uploads\/2016\/03\/20160303_185807-100x100.jpg\" class=\"alignleft tfe wp-post-image\" alt=\"\" decoding=\"async\" loading=\"lazy\" srcset=\"https:\/\/www.caths.cz\/wordpress\/wp-content\/uploads\/2016\/03\/20160303_185807-100x100.jpg 100w, https:\/\/www.caths.cz\/wordpress\/wp-content\/uploads\/2016\/03\/20160303_185807-150x150.jpg 150w\" sizes=\"auto, (max-width: 100px) 100vw, 100px\" \/><\/a><p>Ve \u010dtvrtek ve\u010der prob\u011bhlo v tradi\u010dn\u00edm hotelu Top hotel Praha slavnostn\u00ed vyhl\u00e1\u0161en\u00ed Nejlep\u0161\u00edho handicapovan\u00e9ho sportovce roku 2015. I v leto\u0161n\u00edm roce byly vyhl\u00e1\u0161eny kategorie Tren\u00e9r, T\u00fdm, Junior, Juniorka, Objev, S\u00ed\u0148 [&hellip;]<\/p>\n","protected":false},"author":1,"featured_media":22696,"comment_status":"closed","ping_status":"closed","sticky":false,"template":"","format":"standard","meta":{"ngg_post_thumbnail":0,"footnotes":""},"categories":[6],"tags":[],"class_list":["post-22695","post","type-post","status-publish","format-standard","has-post-thumbnail","hentry","category-caths-info"],"_links":{"self":[{"href":"https:\/\/www.caths.cz\/wordpress\/wp-json\/wp\/v2\/posts\/22695","targetHints":{"allow":["GET"]}}],"collection":[{"href":"https:\/\/www.caths.cz\/wordpress\/wp-json\/wp\/v2\/posts"}],"about":[{"href":"https:\/\/www.caths.cz\/wordpress\/wp-json\/wp\/v2\/types\/post"}],"author":[{"embeddable":true,"href":"https:\/\/www.caths.cz\/wordpress\/wp-json\/wp\/v2\/users\/1"}],"replies":[{"embeddable":true,"href":"https:\/\/www.caths.cz\/wordpress\/wp-json\/wp\/v2\/comments?post=22695"}],"version-history":[{"count":5,"href":"https:\/\/www.caths.cz\/wordpress\/wp-json\/wp\/v2\/posts\/22695\/revisions"}],"predecessor-version":[{"id":22705,"href":"https:\/\/www.caths.cz\/wordpress\/wp-json\/wp\/v2\/posts\/22695\/revisions\/22705"}],"wp:featuredmedia":[{"embeddable":true,"href":"https:\/\/www.caths.cz\/wordpress\/wp-json\/wp\/v2\/media\/22696"}],"wp:attachment":[{"href":"https:\/\/www.caths.cz\/wordpress\/wp-json\/wp\/v2\/media?parent=22695"}],"wp:term":[{"taxonomy":"category","embeddable":true,"href":"https:\/\/www.caths.cz\/wordpress\/wp-json\/wp\/v2\/categories?post=22695"},{"taxonomy":"post_tag","embeddable":true,"href":"https:\/\/www.caths.cz\/wordpress\/wp-json\/wp\/v2\/tags?post=22695"}],"curies":[{"name":"wp","href":"https:\/\/api.w.org\/{rel}","templated":true}]}}