{"id":2266,"date":"2012-06-26T20:20:19","date_gmt":"2012-06-26T19:20:19","guid":{"rendered":"http:\/\/www.caths.cz\/wordpress\/?p=2266"},"modified":"2012-06-26T20:20:19","modified_gmt":"2012-06-26T19:20:19","slug":"bezecke-stribro-a-bronz-pro-ceskou-vypravu-na-me","status":"publish","type":"post","link":"https:\/\/www.caths.cz\/wordpress\/bezecke-stribro-a-bronz-pro-ceskou-vypravu-na-me\/","title":{"rendered":"B\u011b\u017eeck\u00e9 st\u0159\u00edbro a bronz pro \u010deskou v\u00fdpravu na ME"},"content":{"rendered":"<p align=\"justify\">\nT\u0159et\u00ed den sout\u011b\u017e\u00ed atletick\u00e9ho mistrovstv\u00ed Evropy p\u0159inesl \u010desk\u00e9 v\u00fdprav\u011b dal\u0161\u00ed dva medailov\u00e9 \u00fasp\u011bchy. Postarali se o n\u011b tentokr\u00e1t b\u011b\u017eci. Miroslava Sedl\u00e1\u010dkov\u00e1 (T12) po zisku bronzu ze stometrov\u00e9 trati p\u0159idala st\u0159\u00edbrnou medaili ze \u010dtvrtky. V nejkrat\u0161\u00edm sprintu kategorie T38 dob\u011bhl na t\u0159et\u00ed pozici Patrik Wurm.\n<\/p>\n<p align=\"justify\"><img decoding=\"async\" src=\"\/wordpress\/image\/k_clankum\/stadskanaal.jpg\" ALIGN=\"right\" HSPACE=5 VSPACE=5\"> Ke sv\u00fdm hlavn\u00edm discipl\u00edn\u00e1m dnes nastoupili tak\u00e9 medailist\u00e9 z lo\u0148sk\u00e9ho mistrovstv\u00ed sv\u011bta, Eva Kacanu a Ale\u0161 Kis\u00fd. Kacanu (F54\/55\/56) v konkurenci dev\u00edti soupe\u0159ek nakonec obsadila p\u00e1tou pozici, Kis\u00fd (F52\/53) z\u016fstal za v\u0161emi sv\u00fdmi t\u0159emi konkurenty na \u010dtvrt\u00e9 p\u0159\u00ed\u010dce. Do sout\u011b\u017e\u00ed zas\u00e1hli tak\u00e9 Franti\u0161ek Serbus (F32\/33\/34), kter\u00fd v kouli obsadil p\u00e1t\u00e9 m\u00edsto a Du\u0161an \u0160\u010dambura (F55\/56) si v o\u0161t\u011bpu p\u0159ipsal um\u00edst\u011bn\u00ed na \u0161est\u00e9 pozici. <\/p>\n","protected":false},"excerpt":{"rendered":"<a href=\"https:\/\/www.caths.cz\/wordpress\/bezecke-stribro-a-bronz-pro-ceskou-vypravu-na-me\/\"><img loading=\"lazy\" decoding=\"async\" width=\"100\" height=\"100\" src=\"https:\/\/www.caths.cz\/wordpress\/wp-content\/plugins\/thumbnail-for-excerpts\/tfe_no_thumb.png\" class=\"alignleft wp-post-image tfe\" alt=\"\" title=\"\" \/><\/a><p>T\u0159et\u00ed den sout\u011b\u017e\u00ed atletick\u00e9ho mistrovstv\u00ed Evropy p\u0159inesl \u010desk\u00e9 v\u00fdprav\u011b dal\u0161\u00ed dva medailov\u00e9 \u00fasp\u011bchy. Postarali se o n\u011b tentokr\u00e1t b\u011b\u017eci. Miroslava Sedl\u00e1\u010dkov\u00e1 (T12) po zisku bronzu ze stometrov\u00e9 trati p\u0159idala st\u0159\u00edbrnou [&hellip;]<\/p>\n","protected":false},"author":1,"featured_media":0,"comment_status":"closed","ping_status":"closed","sticky":false,"template":"","format":"standard","meta":{"ngg_post_thumbnail":0,"footnotes":""},"categories":[5],"tags":[],"class_list":["post-2266","post","type-post","status-publish","format-standard","hentry","category-atletika"],"_links":{"self":[{"href":"https:\/\/www.caths.cz\/wordpress\/wp-json\/wp\/v2\/posts\/2266","targetHints":{"allow":["GET"]}}],"collection":[{"href":"https:\/\/www.caths.cz\/wordpress\/wp-json\/wp\/v2\/posts"}],"about":[{"href":"https:\/\/www.caths.cz\/wordpress\/wp-json\/wp\/v2\/types\/post"}],"author":[{"embeddable":true,"href":"https:\/\/www.caths.cz\/wordpress\/wp-json\/wp\/v2\/users\/1"}],"replies":[{"embeddable":true,"href":"https:\/\/www.caths.cz\/wordpress\/wp-json\/wp\/v2\/comments?post=2266"}],"version-history":[{"count":0,"href":"https:\/\/www.caths.cz\/wordpress\/wp-json\/wp\/v2\/posts\/2266\/revisions"}],"wp:attachment":[{"href":"https:\/\/www.caths.cz\/wordpress\/wp-json\/wp\/v2\/media?parent=2266"}],"wp:term":[{"taxonomy":"category","embeddable":true,"href":"https:\/\/www.caths.cz\/wordpress\/wp-json\/wp\/v2\/categories?post=2266"},{"taxonomy":"post_tag","embeddable":true,"href":"https:\/\/www.caths.cz\/wordpress\/wp-json\/wp\/v2\/tags?post=2266"}],"curies":[{"name":"wp","href":"https:\/\/api.w.org\/{rel}","templated":true}]}}