{"id":2264,"date":"2012-06-25T17:37:29","date_gmt":"2012-06-25T16:37:29","guid":{"rendered":"http:\/\/www.caths.cz\/wordpress\/?p=2264"},"modified":"2012-06-25T17:37:29","modified_gmt":"2012-06-25T16:37:29","slug":"cesti-atleti-maji-po-dvou-dnech-soutezi-me-na-svem-konte-uz-7-medaili","status":"publish","type":"post","link":"https:\/\/www.caths.cz\/wordpress\/cesti-atleti-maji-po-dvou-dnech-soutezi-me-na-svem-konte-uz-7-medaili\/","title":{"rendered":"\u010ce\u0161t\u00ed atleti maj\u00ed po dvou dnech sout\u011b\u017e\u00ed ME na sv\u00e9m kont\u011b u\u017e 7 medail\u00ed"},"content":{"rendered":"<p align=\"justify\"><img decoding=\"async\" src=\"\/wordpress\/image\/k_clankum\/stadskanaal.jpg\" ALIGN=\"right\" HSPACE=5 VSPACE=5\"> I kdy\u017e mnoho na\u0161ich atlet\u016f, kte\u0159\u00ed se p\u0159ipravuj\u00ed na paralympijsk\u00e9 hry v Lond\u00fdn\u011b, se mistrovstv\u00ed Evropy letos ne\u00fa\u010dastn\u00ed, ji\u017e prvn\u00ed sout\u011b\u017en\u00ed den p\u0159inesl \u010desk\u00e9 v\u00fdprav\u011b v nizozemsk\u00e9m Stadskanaal p\u011bt medailov\u00fdch \u00fasp\u011bch\u016f. Atlety p\u0159iv\u00edtalo velmi nep\u0159\u00edzniv\u00e9 po\u010das\u00ed. V siln\u00e9m de\u0161ti a za ob\u010dasn\u00e9ho bou\u0159en\u00ed z\u00edskala zlato ve vrhu koul\u00ed kategorie F37 dr\u017eitelka evropsk\u00e9ho rekordu v t\u00e9to discipl\u00edn\u011b Eva Bern\u00e1, dal\u0161\u00ed medaile v\u010derej\u0161\u00edho dne pak byly bronzov\u00e9. V m\u00e1lo obsazen\u00fdch z\u00e1vodech je vybojovali diska\u0159i Ale\u0161 Kis\u00fd (F51\/52\/53) a Jaroslav Petrou\u0161 (F57\/58) a ve vrhu ku\u017eelkou Vendula P\u00edsa\u0159\u00edkov\u00e1 (F31\/32\/51). Posledn\u00ed bronz si p\u0159ipsala ve sprintu na 100 m zrakov\u011b handicapovan\u00e1 Miroslava Sedl\u00e1\u010dkov\u00e1 (T11).<br \/> V pond\u011bl\u00ed dopoledne vstoupil do sout\u011b\u017e\u00ed jako prvn\u00ed z na\u0161ich Franti\u0161ek Serbus, kter\u00fd z\u00edskal v hodu ku\u017eelkou klasifika\u010dn\u00ed t\u0159\u00eddy F32 st\u0159\u00edbro. T\u0159et\u00ed m\u00edsto ve vrhu koul\u00ed obsadil Du\u0161an Gr\u00e9zl (F38).<\/p>\n","protected":false},"excerpt":{"rendered":"<a href=\"https:\/\/www.caths.cz\/wordpress\/cesti-atleti-maji-po-dvou-dnech-soutezi-me-na-svem-konte-uz-7-medaili\/\"><img loading=\"lazy\" decoding=\"async\" width=\"100\" height=\"100\" src=\"https:\/\/www.caths.cz\/wordpress\/wp-content\/plugins\/thumbnail-for-excerpts\/tfe_no_thumb.png\" class=\"alignleft wp-post-image tfe\" alt=\"\" title=\"\" \/><\/a>","protected":false},"author":1,"featured_media":0,"comment_status":"closed","ping_status":"closed","sticky":false,"template":"","format":"standard","meta":{"ngg_post_thumbnail":0,"footnotes":""},"categories":[5],"tags":[],"class_list":["post-2264","post","type-post","status-publish","format-standard","hentry","category-atletika"],"_links":{"self":[{"href":"https:\/\/www.caths.cz\/wordpress\/wp-json\/wp\/v2\/posts\/2264","targetHints":{"allow":["GET"]}}],"collection":[{"href":"https:\/\/www.caths.cz\/wordpress\/wp-json\/wp\/v2\/posts"}],"about":[{"href":"https:\/\/www.caths.cz\/wordpress\/wp-json\/wp\/v2\/types\/post"}],"author":[{"embeddable":true,"href":"https:\/\/www.caths.cz\/wordpress\/wp-json\/wp\/v2\/users\/1"}],"replies":[{"embeddable":true,"href":"https:\/\/www.caths.cz\/wordpress\/wp-json\/wp\/v2\/comments?post=2264"}],"version-history":[{"count":0,"href":"https:\/\/www.caths.cz\/wordpress\/wp-json\/wp\/v2\/posts\/2264\/revisions"}],"wp:attachment":[{"href":"https:\/\/www.caths.cz\/wordpress\/wp-json\/wp\/v2\/media?parent=2264"}],"wp:term":[{"taxonomy":"category","embeddable":true,"href":"https:\/\/www.caths.cz\/wordpress\/wp-json\/wp\/v2\/categories?post=2264"},{"taxonomy":"post_tag","embeddable":true,"href":"https:\/\/www.caths.cz\/wordpress\/wp-json\/wp\/v2\/tags?post=2264"}],"curies":[{"name":"wp","href":"https:\/\/api.w.org\/{rel}","templated":true}]}}