{"id":2263,"date":"2012-06-25T10:26:56","date_gmt":"2012-06-25T09:26:56","guid":{"rendered":"http:\/\/www.caths.cz\/wordpress\/?p=2263"},"modified":"2012-06-25T10:26:56","modified_gmt":"2012-06-25T09:26:56","slug":"silnicni-zavod-v-elzachu-vyhral-opet-cesky-tandem","status":"publish","type":"post","link":"https:\/\/www.caths.cz\/wordpress\/silnicni-zavod-v-elzachu-vyhral-opet-cesky-tandem\/","title":{"rendered":"Silni\u010dn\u00ed z\u00e1vod v Elzachu vyhr\u00e1l op\u011bt \u010desk\u00fd tandem"},"content":{"rendered":"<p align=\"justify\">\nU\u017e pot\u0159et\u00ed se v n\u011bmeck\u00e9m Elzachu konaly z\u00e1vody EP cyklist\u016f, ale silni\u010dn\u00ed z\u00e1vod tandem\u016f zn\u00e1 zat\u00edm st\u00e1le jen jedny v\u00edt\u011bze &#8211; \u010deskou dvojici Moflar &#8211; Chyba.\n<\/p>\n<p align=\"justify\"> Na\u0161emu tandemu se v Elzachu prost\u011b da\u0159\u00ed a potvrdil to i v\u010derej\u0161\u00edm v\u00edt\u011bzstv\u00edm v krit\u00e9riu uprost\u0159ed m\u011bsta. Pro druhou medaili tohoto v\u00edkendu si dojela i Tereza Diepoldov\u00e1, kter\u00e1 vybojovala bronz ve slou\u010den\u00e9 kategorii \u017een, kde se p\u0159ed n\u00ed dostaly pouze dv\u011b \u0160v\u00fdcarky z kategorie C5.<br \/> Tom\u00e1\u0161 Kajnar tentokr\u00e1t na stupn\u011b v\u00edt\u011bz\u016f nedos\u00e1hl, obsadil 5. m\u00edsto. V z\u00e1vod\u011b, kde byly slou\u010deny mu\u017esk\u00e9 kategorie C1-C3 pak Michal Stark skon\u010dil na 7. pozici a Tom\u00e1\u0161 Kvasni\u010dka, kter\u00e9mu se z\u00e1vod nevyda\u0159il, na m\u00edst\u011b 14. <\/p>\n<p> <img decoding=\"async\" src=\"\/wordpress\/image\/k_clankum\/elzach12_1.jpg\"> <\/p>\n<p> <img decoding=\"async\" src=\"\/wordpress\/image\/k_clankum\/elzach12_2.jpg\"> <\/p>\n<p> <img decoding=\"async\" src=\"\/wordpress\/image\/k_clankum\/elzach12_3.jpg\"><\/p>\n","protected":false},"excerpt":{"rendered":"<a href=\"https:\/\/www.caths.cz\/wordpress\/silnicni-zavod-v-elzachu-vyhral-opet-cesky-tandem\/\"><img loading=\"lazy\" decoding=\"async\" width=\"100\" height=\"100\" src=\"https:\/\/www.caths.cz\/wordpress\/wp-content\/plugins\/thumbnail-for-excerpts\/tfe_no_thumb.png\" class=\"alignleft wp-post-image tfe\" alt=\"\" title=\"\" \/><\/a><p>U\u017e pot\u0159et\u00ed se v n\u011bmeck\u00e9m Elzachu konaly z\u00e1vody EP cyklist\u016f, ale silni\u010dn\u00ed z\u00e1vod tandem\u016f zn\u00e1 zat\u00edm st\u00e1le jen jedny v\u00edt\u011bze &#8211; \u010deskou dvojici Moflar &#8211; Chyba. Na\u0161emu tandemu se v [&hellip;]<\/p>\n","protected":false},"author":1,"featured_media":0,"comment_status":"closed","ping_status":"closed","sticky":false,"template":"","format":"standard","meta":{"ngg_post_thumbnail":0,"footnotes":""},"categories":[2],"tags":[],"class_list":["post-2263","post","type-post","status-publish","format-standard","hentry","category-cyklistika"],"_links":{"self":[{"href":"https:\/\/www.caths.cz\/wordpress\/wp-json\/wp\/v2\/posts\/2263","targetHints":{"allow":["GET"]}}],"collection":[{"href":"https:\/\/www.caths.cz\/wordpress\/wp-json\/wp\/v2\/posts"}],"about":[{"href":"https:\/\/www.caths.cz\/wordpress\/wp-json\/wp\/v2\/types\/post"}],"author":[{"embeddable":true,"href":"https:\/\/www.caths.cz\/wordpress\/wp-json\/wp\/v2\/users\/1"}],"replies":[{"embeddable":true,"href":"https:\/\/www.caths.cz\/wordpress\/wp-json\/wp\/v2\/comments?post=2263"}],"version-history":[{"count":0,"href":"https:\/\/www.caths.cz\/wordpress\/wp-json\/wp\/v2\/posts\/2263\/revisions"}],"wp:attachment":[{"href":"https:\/\/www.caths.cz\/wordpress\/wp-json\/wp\/v2\/media?parent=2263"}],"wp:term":[{"taxonomy":"category","embeddable":true,"href":"https:\/\/www.caths.cz\/wordpress\/wp-json\/wp\/v2\/categories?post=2263"},{"taxonomy":"post_tag","embeddable":true,"href":"https:\/\/www.caths.cz\/wordpress\/wp-json\/wp\/v2\/tags?post=2263"}],"curies":[{"name":"wp","href":"https:\/\/api.w.org\/{rel}","templated":true}]}}