{"id":2261,"date":"2012-06-23T21:25:13","date_gmt":"2012-06-23T20:25:13","guid":{"rendered":"http:\/\/www.caths.cz\/wordpress\/?p=2261"},"modified":"2012-06-23T21:25:13","modified_gmt":"2012-06-23T20:25:13","slug":"jezdci-tymu-nutrend-specialized-cycling-dominovali-uvodni-casovce-evropskeho-poharu","status":"publish","type":"post","link":"https:\/\/www.caths.cz\/wordpress\/jezdci-tymu-nutrend-specialized-cycling-dominovali-uvodni-casovce-evropskeho-poharu\/","title":{"rendered":"Jezdci t\u00fdmu NUTREND SPECIALIZED Cycling dominovali \u00favodn\u00ed \u010dasovce Evropsk\u00e9ho poh\u00e1ru"},"content":{"rendered":"<p>\u00davodn\u00ed \u010dasovce Evropsk\u00e9ho poh\u00e1ru handicapovan\u00fdch cyklist\u016f v n\u011bmeck\u00e9m Elzachu dominovali jezdci t\u00fdmu NUTREND SPECIALIZED Cycling. V kategorii C2 zv\u00edt\u011bzila Tereza Diepoldov\u00e1 a tak\u00e9 tandem Ji\u0159\u00ed Chyba \u2013 Marek Moflar. \u00dasp\u011bch t\u00fdmu pak zavr\u0161il druh\u00fdm m\u00edstem Tom\u00e1\u0161 Kajnar v kategorii C5.\n<\/p>\n<p>Z\u00edtra poh\u00e1r pokra\u010duje silni\u010dn\u00edm z\u00e1vodem. <\/p>\n<p> Dal\u0161\u00ed v\u00fdsledky: 11. Michal Stark 22. Tom\u00e1\u0161 Kvasni\u010dka <\/p>\n<p> <img decoding=\"async\" src=\"\/wordpress\/image\/sekretarky\/tereza web.jpg\"> <\/p>\n","protected":false},"excerpt":{"rendered":"<a href=\"https:\/\/www.caths.cz\/wordpress\/jezdci-tymu-nutrend-specialized-cycling-dominovali-uvodni-casovce-evropskeho-poharu\/\"><img loading=\"lazy\" decoding=\"async\" width=\"100\" height=\"100\" src=\"https:\/\/www.caths.cz\/wordpress\/wp-content\/plugins\/thumbnail-for-excerpts\/tfe_no_thumb.png\" class=\"alignleft wp-post-image tfe\" alt=\"\" title=\"\" \/><\/a><p>\u00davodn\u00ed \u010dasovce Evropsk\u00e9ho poh\u00e1ru handicapovan\u00fdch cyklist\u016f v n\u011bmeck\u00e9m Elzachu dominovali jezdci t\u00fdmu NUTREND SPECIALIZED Cycling. V kategorii C2 zv\u00edt\u011bzila Tereza Diepoldov\u00e1 a tak\u00e9 tandem Ji\u0159\u00ed Chyba \u2013 Marek Moflar. \u00dasp\u011bch [&hellip;]<\/p>\n","protected":false},"author":1,"featured_media":0,"comment_status":"closed","ping_status":"closed","sticky":false,"template":"","format":"standard","meta":{"ngg_post_thumbnail":0,"footnotes":""},"categories":[2],"tags":[],"class_list":["post-2261","post","type-post","status-publish","format-standard","hentry","category-cyklistika"],"_links":{"self":[{"href":"https:\/\/www.caths.cz\/wordpress\/wp-json\/wp\/v2\/posts\/2261","targetHints":{"allow":["GET"]}}],"collection":[{"href":"https:\/\/www.caths.cz\/wordpress\/wp-json\/wp\/v2\/posts"}],"about":[{"href":"https:\/\/www.caths.cz\/wordpress\/wp-json\/wp\/v2\/types\/post"}],"author":[{"embeddable":true,"href":"https:\/\/www.caths.cz\/wordpress\/wp-json\/wp\/v2\/users\/1"}],"replies":[{"embeddable":true,"href":"https:\/\/www.caths.cz\/wordpress\/wp-json\/wp\/v2\/comments?post=2261"}],"version-history":[{"count":0,"href":"https:\/\/www.caths.cz\/wordpress\/wp-json\/wp\/v2\/posts\/2261\/revisions"}],"wp:attachment":[{"href":"https:\/\/www.caths.cz\/wordpress\/wp-json\/wp\/v2\/media?parent=2261"}],"wp:term":[{"taxonomy":"category","embeddable":true,"href":"https:\/\/www.caths.cz\/wordpress\/wp-json\/wp\/v2\/categories?post=2261"},{"taxonomy":"post_tag","embeddable":true,"href":"https:\/\/www.caths.cz\/wordpress\/wp-json\/wp\/v2\/tags?post=2261"}],"curies":[{"name":"wp","href":"https:\/\/api.w.org\/{rel}","templated":true}]}}