{"id":2260,"date":"2012-06-21T21:34:40","date_gmt":"2012-06-21T20:34:40","guid":{"rendered":"http:\/\/www.caths.cz\/wordpress\/?p=2260"},"modified":"2012-06-21T21:34:40","modified_gmt":"2012-06-21T20:34:40","slug":"novomestsky-pohar-2012-2-kolo","status":"publish","type":"post","link":"https:\/\/www.caths.cz\/wordpress\/novomestsky-pohar-2012-2-kolo\/","title":{"rendered":"Novom\u011bstsk\u00fd poh\u00e1r 2012 \u2013 2. kolo"},"content":{"rendered":"<p align=\"justify\">\nO v\u00edkendu 16. \u2013 17. \u010dervna 2012 se uskute\u010dnilo druh\u00e9 kolo celorepublikov\u00e9 sout\u011b\u017ee v lukost\u0159elb\u011b \u2013 Novom\u011bstsk\u00fd poh\u00e1r. Z\u00e1vodu se z\u00fa\u010dastnilo celkem 22 lukost\u0159elc\u016f, p\u0159ev\u00e1\u017en\u011b z dom\u00e1c\u00edho odd\u00edlu SK Nov\u00e9 M\u011bsto nad Metuj\u00ed.\n<\/p>\n<p align=\"justify\">V sobotu se st\u0159\u00edlely dva samostatn\u00e9 z\u00e1vody F70 a F70 (nebo F50). Sout\u011b\u017eilo se jak z kladkov\u00e9ho luku, tak z reflexn\u00edho luku, a to jak sout\u011b\u017e \u017een, tak i mu\u017e\u016f. V kategorii kladkov\u00fd luk mu\u017ei zv\u00edt\u011bzil Ji\u0159\u00ed Klich st. (NMM), v kategorii reflexn\u00ed luk mu\u017ei zv\u00edt\u011bzil Martin Chaloupsk\u00fd (LIV) a v \u017een\u00e1ch zv\u00edt\u011bzila Miroslava \u010cern\u00e1 (NMM). <br \/>V ned\u011bli se st\u0159\u00edlela kvalifika\u010dn\u00ed sout\u011b\u017e F70, z kter\u00e9 se pak ur\u010dilo po\u0159ad\u00ed pro n\u00e1sleduj\u00edc\u00ed eliminace, kter\u00e9 byly jak u mu\u017e\u016f, tak i \u017een. Kategorii kladkov\u00fd luk vyhr\u00e1l Leo\u0161 Barto\u0161 (SPA), v kategorii reflexn\u00ed luk zv\u00edt\u011bzil Martin Chaloupsk\u00fd (LIV) a v kategorii reflexn\u00ed luk \u017eeny Miroslava \u010cern\u00e1 (NMM). <br \/>V\u0161ichni z\u00fa\u010dastn\u011bn\u00ed byli s pr\u016fb\u011bhem z\u00e1vodu spokojeni. Po\u010das\u00ed se vyda\u0159ilo a\u017e moc, bylo kr\u00e1sn\u011b slune\u010dno a teplotn\u011b v sobotu okolo 30oC (na slunci a rozp\u00e1len\u00e9 um\u011blce i v\u00edce), co\u017e se podepsalo i na n\u011bkter\u00fdch st\u0159elc\u00edch. V ned\u011bli bylo u\u017e l\u00e9pe a dopoledne i trochu pod mrakem, ale bez v\u011btru, co\u017e pozitivn\u011b ovlivnilo v\u00fdsledky. <br \/>Po\u0159adatel\u00e9 a sout\u011b\u017e\u00edc\u00ed se u\u017e dnes t\u011b\u0161\u00ed na dal\u0161\u00ed 3. kolo Novom\u011bstsk\u00e9ho poh\u00e1ru, kter\u00e9 prob\u011bhne o v\u00edkendu 7. \u2013 8. \u010dervence 2012 na stadi\u00f3nu SK Nov\u00e9 M\u011bsto nad Metuj\u00ed a toto kolo bude ozna\u010deno jako \u201ehv\u011bzdi\u010dkov\u00fd z\u00e1vod FITA STAR a FITA TARGET\u201c a byla p\u0159isl\u00edbena i mezin\u00e1rodn\u00ed \u00fa\u010dast. <\/p>\n<p> \/Petr Kopeck\u00fd,DiS.\/ <\/p>\n<p> V\u00fdsledky 2. kola <a href=\"http:\/\/www.caths.cz\/storage\/lukostrelba\/Vysledky 2. kolo NM Pohar Luk 2012.xls\" target=\"_blank\"> zde<\/a> <\/p>\n<p> <img decoding=\"async\" src=\"\/wordpress\/image\/k_clankum\/luk Novac\/DSC_3077.JPG\"> <\/p>\n<p> <img decoding=\"async\" src=\"\/wordpress\/image\/k_clankum\/luk Novac\/DSC_3082.JPG\"> <\/p>\n<p> <img decoding=\"async\" src=\"\/wordpress\/image\/k_clankum\/luk Novac\/DSC_3084.JPG\"> <\/p>\n<p> <img decoding=\"async\" src=\"\/wordpress\/image\/k_clankum\/luk Novac\/DSC_3086.JPG\"> <\/p>\n<p> <img decoding=\"async\" src=\"\/wordpress\/image\/k_clankum\/luk Novac\/DSC_3087.JPG\"> <\/p>\n<p> <img decoding=\"async\" src=\"\/wordpress\/image\/k_clankum\/luk Novac\/DSC_3092.JPG\"> <\/p>\n<p> <img decoding=\"async\" src=\"\/wordpress\/image\/k_clankum\/luk Novac\/DSC_3093.JPG\"> <\/p>\n<p> <img decoding=\"async\" src=\"\/wordpress\/image\/k_clankum\/luk Novac\/DSC_3098.JPG\"> <\/p>\n<p> <img decoding=\"async\" src=\"\/wordpress\/image\/k_clankum\/luk Novac\/DSC_3106.JPG\"> <\/p>\n<p> <img decoding=\"async\" src=\"\/wordpress\/image\/k_clankum\/luk Novac\/DSC_3107.JPG\"> <\/p>\n<p> <img decoding=\"async\" src=\"\/wordpress\/image\/k_clankum\/luk Novac\/DSC_3116.JPG\"> <\/p>\n<p> <img decoding=\"async\" src=\"\/wordpress\/image\/k_clankum\/luk Novac\/DSC_3123.JPG\"> <\/p>\n<p> <img decoding=\"async\" src=\"\/wordpress\/image\/k_clankum\/luk Novac\/DSC_3131.JPG\"> <\/p>\n<p> <img decoding=\"async\" src=\"\/wordpress\/image\/k_clankum\/luk Novac\/DSC_3163.JPG\"><\/p>\n","protected":false},"excerpt":{"rendered":"<a href=\"https:\/\/www.caths.cz\/wordpress\/novomestsky-pohar-2012-2-kolo\/\"><img loading=\"lazy\" decoding=\"async\" width=\"100\" height=\"100\" src=\"https:\/\/www.caths.cz\/wordpress\/wp-content\/plugins\/thumbnail-for-excerpts\/tfe_no_thumb.png\" class=\"alignleft wp-post-image tfe\" alt=\"\" title=\"\" \/><\/a><p>O v\u00edkendu 16. \u2013 17. \u010dervna 2012 se uskute\u010dnilo druh\u00e9 kolo celorepublikov\u00e9 sout\u011b\u017ee v lukost\u0159elb\u011b \u2013 Novom\u011bstsk\u00fd poh\u00e1r. Z\u00e1vodu se z\u00fa\u010dastnilo celkem 22 lukost\u0159elc\u016f, p\u0159ev\u00e1\u017en\u011b z dom\u00e1c\u00edho odd\u00edlu SK Nov\u00e9 [&hellip;]<\/p>\n","protected":false},"author":1,"featured_media":0,"comment_status":"closed","ping_status":"closed","sticky":false,"template":"","format":"standard","meta":{"ngg_post_thumbnail":0,"footnotes":""},"categories":[13],"tags":[],"class_list":["post-2260","post","type-post","status-publish","format-standard","hentry","category-lukostrelba"],"_links":{"self":[{"href":"https:\/\/www.caths.cz\/wordpress\/wp-json\/wp\/v2\/posts\/2260","targetHints":{"allow":["GET"]}}],"collection":[{"href":"https:\/\/www.caths.cz\/wordpress\/wp-json\/wp\/v2\/posts"}],"about":[{"href":"https:\/\/www.caths.cz\/wordpress\/wp-json\/wp\/v2\/types\/post"}],"author":[{"embeddable":true,"href":"https:\/\/www.caths.cz\/wordpress\/wp-json\/wp\/v2\/users\/1"}],"replies":[{"embeddable":true,"href":"https:\/\/www.caths.cz\/wordpress\/wp-json\/wp\/v2\/comments?post=2260"}],"version-history":[{"count":0,"href":"https:\/\/www.caths.cz\/wordpress\/wp-json\/wp\/v2\/posts\/2260\/revisions"}],"wp:attachment":[{"href":"https:\/\/www.caths.cz\/wordpress\/wp-json\/wp\/v2\/media?parent=2260"}],"wp:term":[{"taxonomy":"category","embeddable":true,"href":"https:\/\/www.caths.cz\/wordpress\/wp-json\/wp\/v2\/categories?post=2260"},{"taxonomy":"post_tag","embeddable":true,"href":"https:\/\/www.caths.cz\/wordpress\/wp-json\/wp\/v2\/tags?post=2260"}],"curies":[{"name":"wp","href":"https:\/\/api.w.org\/{rel}","templated":true}]}}