{"id":2258,"date":"2012-06-19T15:31:02","date_gmt":"2012-06-19T14:31:02","guid":{"rendered":"http:\/\/www.caths.cz\/wordpress\/?p=2258"},"modified":"2012-06-19T15:31:02","modified_gmt":"2012-06-19T14:31:02","slug":"malevil-cup-privital-handicapovane-cyklisty","status":"publish","type":"post","link":"https:\/\/www.caths.cz\/wordpress\/malevil-cup-privital-handicapovane-cyklisty\/","title":{"rendered":"Malevil Cup p\u0159iv\u00edtal handicapovan\u00e9 cyklisty"},"content":{"rendered":"<p align=\"justify\">   V malebn\u00e9m prost\u0159ed\u00ed ran\u010de Malevil se o tomto v\u00edkendu uskute\u010dnilo dal\u0161\u00ed kolo \u010cesk\u00e9ho poh\u00e1ru horsk\u00fdch kol handicapovan\u00fdch cyklist\u016f, tentokr\u00e1t po\u0159\u00e1dan\u00e9ho v r\u00e1mci v\u00fdznamn\u00e9 mezin\u00e1rodn\u00ed akce \u2013 Mistrovstv\u00ed Evropy horsk\u00fdch kol v maratonu. <\/p>\n<p align=\"justify\"> Po\u0159adatel Malevil Cupu op\u011bt zajistil pro z\u00e1vodn\u00edky perfektn\u00ed tra\u0165, kter\u00e1 byla v\u00fdborn\u011b sj\u00edzdn\u00e1 i pro ter\u00e9nn\u00ed handbike. Ve stanu \u010cern\u00fdch kon\u00ed si pak stovky \u00fa\u010dastn\u00edk\u016f popul\u00e1rn\u00edho maratonu mohli prohl\u00e9dnout i velik\u00fd putovn\u00ed poh\u00e1r, kter\u00fd se stal symbolem seri\u00e1lu horsk\u00fdch kol handicapovan\u00fdch cyklist\u016f.<\/p>\n<p> V\u00edt\u011bzem z\u00e1vodu kategorie mu\u017e\u016f \u2013 handbike se stal Radek Fabi\u00e1n a v kategorii \u017een zv\u00edt\u011bzila Hanka Hor\u00e1lkov\u00e1. V kategorii stoj\u00edc\u00edch cyklist\u016f Handicap 1 si dok\u00e1zal nejl\u00e9pe s trat\u00ed poradit Petr Kocman v kategorii Handicap 2 pak Pavel Tvrd\u00edk. Z\u00e1vod absolvoval i tandem s nevidom\u00fdm cyklistou Josefem Wolfem.<\/p>\n<p> Celkov\u00e9 po\u0159ad\u00ed \u010cP MTB:<a href=\"http:\/\/www.caths.cz\/storage\/sekretarky\/poradi CP 2012.pdf\" target=\"_blank\"> zde<\/a><\/p>\n<p> <img decoding=\"async\" src=\"\/wordpress\/image\/sekretarky\/dsc_2541.JPG\"> <\/p>\n","protected":false},"excerpt":{"rendered":"<a href=\"https:\/\/www.caths.cz\/wordpress\/malevil-cup-privital-handicapovane-cyklisty\/\"><img loading=\"lazy\" decoding=\"async\" width=\"100\" height=\"100\" src=\"https:\/\/www.caths.cz\/wordpress\/wp-content\/plugins\/thumbnail-for-excerpts\/tfe_no_thumb.png\" class=\"alignleft wp-post-image tfe\" alt=\"\" title=\"\" \/><\/a><p>V malebn\u00e9m prost\u0159ed\u00ed ran\u010de Malevil se o tomto v\u00edkendu uskute\u010dnilo dal\u0161\u00ed kolo \u010cesk\u00e9ho poh\u00e1ru horsk\u00fdch kol handicapovan\u00fdch cyklist\u016f, tentokr\u00e1t po\u0159\u00e1dan\u00e9ho v r\u00e1mci v\u00fdznamn\u00e9 mezin\u00e1rodn\u00ed akce \u2013 Mistrovstv\u00ed Evropy horsk\u00fdch kol [&hellip;]<\/p>\n","protected":false},"author":1,"featured_media":0,"comment_status":"closed","ping_status":"closed","sticky":false,"template":"","format":"standard","meta":{"ngg_post_thumbnail":0,"footnotes":""},"categories":[40],"tags":[],"class_list":["post-2258","post","type-post","status-publish","format-standard","hentry","category-pojed-s-nami"],"_links":{"self":[{"href":"https:\/\/www.caths.cz\/wordpress\/wp-json\/wp\/v2\/posts\/2258","targetHints":{"allow":["GET"]}}],"collection":[{"href":"https:\/\/www.caths.cz\/wordpress\/wp-json\/wp\/v2\/posts"}],"about":[{"href":"https:\/\/www.caths.cz\/wordpress\/wp-json\/wp\/v2\/types\/post"}],"author":[{"embeddable":true,"href":"https:\/\/www.caths.cz\/wordpress\/wp-json\/wp\/v2\/users\/1"}],"replies":[{"embeddable":true,"href":"https:\/\/www.caths.cz\/wordpress\/wp-json\/wp\/v2\/comments?post=2258"}],"version-history":[{"count":0,"href":"https:\/\/www.caths.cz\/wordpress\/wp-json\/wp\/v2\/posts\/2258\/revisions"}],"wp:attachment":[{"href":"https:\/\/www.caths.cz\/wordpress\/wp-json\/wp\/v2\/media?parent=2258"}],"wp:term":[{"taxonomy":"category","embeddable":true,"href":"https:\/\/www.caths.cz\/wordpress\/wp-json\/wp\/v2\/categories?post=2258"},{"taxonomy":"post_tag","embeddable":true,"href":"https:\/\/www.caths.cz\/wordpress\/wp-json\/wp\/v2\/tags?post=2258"}],"curies":[{"name":"wp","href":"https:\/\/api.w.org\/{rel}","templated":true}]}}